{"id":104383,"date":"2019-11-29T13:22:29","date_gmt":"2019-11-29T12:22:29","guid":{"rendered":"http:\/\/polishscience.pl\/?p=104383"},"modified":"2019-11-29T13:22:29","modified_gmt":"2019-11-29T12:22:29","slug":"les-nouveaux-domaines-detudes-post-universitaires-a-luniversite-publique-a-zamosc","status":"publish","type":"post","link":"https:\/\/www.polishscience.pl\/fr\/les-nouveaux-domaines-detudes-post-universitaires-a-luniversite-publique-a-zamosc\/","title":{"rendered":"Les nouveaux domaines d\u2019\u00e9tudes post-universitaires \u00e0 l&rsquo;Universit\u00e9 publique \u00e0 Zamo\u015b\u0107"},"content":{"rendered":"<p><strong>L&rsquo;Universit\u00e9 publique Szymon Szymonowic de Zamo\u015b\u0107 a commenc\u00e9 un nouveau domaine d\u2019\u00e9tudes post-universitaires. Les premiers cours dans le domaine de la gestion des crises dans le syst\u00e8me de s\u00e9curit\u00e9 nationale ont eu lieu les 23 et 24 novembre.<\/strong><\/p>\n<p>L&rsquo;objectif de ces \u00e9tudes est de pr\u00e9parer les sp\u00e9cialistes de la gestion des crises, la d\u00e9fense, la protection civile, l&rsquo;administration des donn\u00e9es personnelles et la protection des informations classifi\u00e9es, agissant efficacement dans les situations de menaces pour la s\u00e9curit\u00e9 et les biens des citoyens polonais &#8211; informe l&rsquo;Universit\u00e9 de Zamo\u015b\u0107.<\/p>\n<p>Les \u00e9tudes s&rsquo;adressent aux fonctionnaires de l&rsquo;\u00c9tat et de l&rsquo;administration locale, aux services en uniforme et \u00e0 tous ceux qui souhaitent acqu\u00e9rir de nouvelles qualifications leur permettant d&rsquo;acc\u00e9der \u00e0 un emploi dans le domaine de la gestion des crises.<\/p>\n","protected":false},"excerpt":{"rendered":"<p>L&rsquo;Universit\u00e9 publique Szymon Szymonowic de Zamo\u015b\u0107 a commenc\u00e9 un nouveau domaine d\u2019\u00e9tudes post-universitaires. Les premiers cours dans le domaine de la gestion des crises dans le syst\u00e8me de s\u00e9curit\u00e9 nationale ont eu lieu les 23 et 24 novembre. L&rsquo;objectif de ces \u00e9tudes est de pr\u00e9parer les sp\u00e9cialistes de la gestion des crises, la d\u00e9fense, la [&hellip;]<\/p>\n","protected":false},"author":11,"featured_media":0,"comment_status":"closed","ping_status":"closed","sticky":false,"template":"","format":"standard","meta":[],"categories":[35],"tags":[],"_links":{"self":[{"href":"https:\/\/www.polishscience.pl\/fr\/wp-json\/wp\/v2\/posts\/104383"}],"collection":[{"href":"https:\/\/www.polishscience.pl\/fr\/wp-json\/wp\/v2\/posts"}],"about":[{"href":"https:\/\/www.polishscience.pl\/fr\/wp-json\/wp\/v2\/types\/post"}],"author":[{"embeddable":true,"href":"https:\/\/www.polishscience.pl\/fr\/wp-json\/wp\/v2\/users\/11"}],"replies":[{"embeddable":true,"href":"https:\/\/www.polishscience.pl\/fr\/wp-json\/wp\/v2\/comments?post=104383"}],"version-history":[{"count":0,"href":"https:\/\/www.polishscience.pl\/fr\/wp-json\/wp\/v2\/posts\/104383\/revisions"}],"wp:attachment":[{"href":"https:\/\/www.polishscience.pl\/fr\/wp-json\/wp\/v2\/media?parent=104383"}],"wp:term":[{"taxonomy":"category","embeddable":true,"href":"https:\/\/www.polishscience.pl\/fr\/wp-json\/wp\/v2\/categories?post=104383"},{"taxonomy":"post_tag","embeddable":true,"href":"https:\/\/www.polishscience.pl\/fr\/wp-json\/wp\/v2\/tags?post=104383"}],"curies":[{"name":"wp","href":"https:\/\/api.w.org\/{rel}","templated":true}]}}