{"id":104378,"date":"2019-11-29T13:22:16","date_gmt":"2019-11-29T12:22:16","guid":{"rendered":"http:\/\/polishscience.pl\/?p=104378"},"modified":"2019-11-29T13:22:16","modified_gmt":"2019-11-29T12:22:16","slug":"luniversite-cardinal-stefan-wyszynski-renforce-sa-cooperation-avec-luniversite-de-medecine-de-lublin","status":"publish","type":"post","link":"https:\/\/www.polishscience.pl\/fr\/luniversite-cardinal-stefan-wyszynski-renforce-sa-cooperation-avec-luniversite-de-medecine-de-lublin\/","title":{"rendered":"L&rsquo;Universit\u00e9 Cardinal Stefan Wyszy\u0144ski renforce sa coop\u00e9ration avec l&rsquo;Universit\u00e9 de m\u00e9decine de Lublin"},"content":{"rendered":"<p><strong>Au sujet de la t\u00e9l\u00e9m\u00e9decine et la coop\u00e9ration de l&rsquo;Universit\u00e9 Cardinal Stefan Wyszy\u0144ski (UKSW) de Varsovie avec l&rsquo;Universit\u00e9 de M\u00e9decine de Lublin a \u00e9t\u00e9 discut\u00e9e avec le professeur Stanis\u0142aw Dzieko\u0144ski dans l&rsquo;\u00e9mission t\u00e9l\u00e9vis\u00e9e \u00ab\u00a0To nas dotyczy\u00a0\u00bb diffus\u00e9e par la t\u00e9l\u00e9vision polonaise \u00e0 Lublin.<\/strong><\/p>\n<p>Le d\u00e9veloppement de la civilisation est in\u00e9vitable et les changements que la civilisation nous apporte peuvent \u00eatre utilis\u00e9s par ceux qui la soignent &#8211; a dit le recteur de l&rsquo;UKSW.<\/p>\n<p>Le professeur Stanis\u0142aw Dzieko\u0144ski a dit \u00e0 propos de la coop\u00e9ration entre l&rsquo;Universit\u00e9 UKSW de Varsovie et l&rsquo;Universit\u00e9 de m\u00e9decine de Lublin qu&rsquo;elle est mise en \u0153uvre \u00e0 plusieurs niveaux.<br \/>\nIl s&rsquo;agit \u00e9galement de passer au domaine de la recherche. Nous voulons cr\u00e9er une nouvelle qualit\u00e9 avec l&rsquo;Universit\u00e9 de m\u00e9decine de Lublin qui all\u00e9gera la charge financi\u00e8re sur le syst\u00e8me de soins m\u00e9dicaux en Pologne et en m\u00eame temps rapprochera les m\u00e9decins des patients &#8211; a d\u00e9clar\u00e9 le recteur de l&rsquo;UKSW.<\/p>\n","protected":false},"excerpt":{"rendered":"<p>Au sujet de la t\u00e9l\u00e9m\u00e9decine et la coop\u00e9ration de l&rsquo;Universit\u00e9 Cardinal Stefan Wyszy\u0144ski (UKSW) de Varsovie avec l&rsquo;Universit\u00e9 de M\u00e9decine de Lublin a \u00e9t\u00e9 discut\u00e9e avec le professeur Stanis\u0142aw Dzieko\u0144ski dans l&rsquo;\u00e9mission t\u00e9l\u00e9vis\u00e9e \u00ab\u00a0To nas dotyczy\u00a0\u00bb diffus\u00e9e par la t\u00e9l\u00e9vision polonaise \u00e0 Lublin. Le d\u00e9veloppement de la civilisation est in\u00e9vitable et les changements que la [&hellip;]<\/p>\n","protected":false},"author":11,"featured_media":0,"comment_status":"closed","ping_status":"closed","sticky":false,"template":"","format":"standard","meta":[],"categories":[35],"tags":[],"_links":{"self":[{"href":"https:\/\/www.polishscience.pl\/fr\/wp-json\/wp\/v2\/posts\/104378"}],"collection":[{"href":"https:\/\/www.polishscience.pl\/fr\/wp-json\/wp\/v2\/posts"}],"about":[{"href":"https:\/\/www.polishscience.pl\/fr\/wp-json\/wp\/v2\/types\/post"}],"author":[{"embeddable":true,"href":"https:\/\/www.polishscience.pl\/fr\/wp-json\/wp\/v2\/users\/11"}],"replies":[{"embeddable":true,"href":"https:\/\/www.polishscience.pl\/fr\/wp-json\/wp\/v2\/comments?post=104378"}],"version-history":[{"count":0,"href":"https:\/\/www.polishscience.pl\/fr\/wp-json\/wp\/v2\/posts\/104378\/revisions"}],"wp:attachment":[{"href":"https:\/\/www.polishscience.pl\/fr\/wp-json\/wp\/v2\/media?parent=104378"}],"wp:term":[{"taxonomy":"category","embeddable":true,"href":"https:\/\/www.polishscience.pl\/fr\/wp-json\/wp\/v2\/categories?post=104378"},{"taxonomy":"post_tag","embeddable":true,"href":"https:\/\/www.polishscience.pl\/fr\/wp-json\/wp\/v2\/tags?post=104378"}],"curies":[{"name":"wp","href":"https:\/\/api.w.org\/{rel}","templated":true}]}}