{"id":104171,"date":"2019-11-28T13:44:33","date_gmt":"2019-11-28T12:44:33","guid":{"rendered":"http:\/\/polishscience.pl\/?p=104171"},"modified":"2019-11-28T13:44:33","modified_gmt":"2019-11-28T12:44:33","slug":"la-conference-intitulee-les-elements-populaires-dans-lart-la-musique-la-litterature-et-le-theatre","status":"publish","type":"post","link":"https:\/\/www.polishscience.pl\/fr\/la-conference-intitulee-les-elements-populaires-dans-lart-la-musique-la-litterature-et-le-theatre\/","title":{"rendered":"La conf\u00e9rence intitul\u00e9e \u00ab\u00a0Les \u00e9lements populaires dans l&rsquo;art, la musique, la litt\u00e9rature et le th\u00e9\u00e2tre"},"content":{"rendered":"<p><strong>L&rsquo;Institut de Philologie Polonaise de l\u2019Universit\u00e9 Maria Curie Sk\u0142odowska \u00e0 Lublin (UMCS), le Cercle Scientifique des \u00c9tudiants Ethnolinguistes de l\u2019Universit\u00e9 Maria Curie Sk\u0142odowska \u00e0 Lublin, le Centre Culturel Acad\u00e9mique de l\u2019UMCS \u00ab\u00a0Chatka \u017baka\u00a0\u00bb, \u00ab\u00a0Folk magazine\u00a0\u00bb et l&rsquo;Association des Animateurs du Mouvement Folk organisent une conf\u00e9rence scientifique nationale intitul\u00e9e \u00ab\u00a0Les \u00e9lements populaires dans l&rsquo;art, la musique, la litt\u00e9rature et le th\u00e9\u00e2tre\u00a0\u00bb.<\/strong><\/p>\n<p>L&rsquo;\u00e9v\u00e9nement aura lieu le 29 novembre 2019 au Centre Culturel Acad\u00e9mique UMCS \u00ab\u00a0Chatka \u017baka\u00a0\u00bb et fera partie du XXIX\u00e8me Festival International de Musique Folklorique \u00ab\u00a0Miko\u0142ajki Folkowe\u00a0\u00bb.<\/p>\n<p>Au cours de la conf\u00e9rence, les participants discuteront des th\u00e8mes suivants : la gen\u00e8se et les manifestations de l&rsquo;art populaire en musique, art, litt\u00e9rature et th\u00e9\u00e2tre ; le style artistique populaire ; l\u2019art populaire d&rsquo;hier et d&rsquo;aujourd&rsquo;hui : entre le folklore, le folklorisme et le folk ; l&rsquo;art au service du \u00ab\u00a0peuple\u00a0\u00bb &#8211; cepeliada, ensembles folkloriques, r\u00e9alisme social ; les inspirations populaires dans l&rsquo;art contemporain &#8211; ethnodesign, la musique populaire, le mouvement ethno ; la litt\u00e9rature paysanne et la litt\u00e9rature sur la paysannerie et l&rsquo;image populaire du monde en art.<\/p>\n","protected":false},"excerpt":{"rendered":"<p>L&rsquo;Institut de Philologie Polonaise de l\u2019Universit\u00e9 Maria Curie Sk\u0142odowska \u00e0 Lublin (UMCS), le Cercle Scientifique des \u00c9tudiants Ethnolinguistes de l\u2019Universit\u00e9 Maria Curie Sk\u0142odowska \u00e0 Lublin, le Centre Culturel Acad\u00e9mique de l\u2019UMCS \u00ab\u00a0Chatka \u017baka\u00a0\u00bb, \u00ab\u00a0Folk magazine\u00a0\u00bb et l&rsquo;Association des Animateurs du Mouvement Folk organisent une conf\u00e9rence scientifique nationale intitul\u00e9e \u00ab\u00a0Les \u00e9lements populaires dans l&rsquo;art, la musique, [&hellip;]<\/p>\n","protected":false},"author":11,"featured_media":0,"comment_status":"closed","ping_status":"closed","sticky":false,"template":"","format":"standard","meta":[],"categories":[41,37],"tags":[],"_links":{"self":[{"href":"https:\/\/www.polishscience.pl\/fr\/wp-json\/wp\/v2\/posts\/104171"}],"collection":[{"href":"https:\/\/www.polishscience.pl\/fr\/wp-json\/wp\/v2\/posts"}],"about":[{"href":"https:\/\/www.polishscience.pl\/fr\/wp-json\/wp\/v2\/types\/post"}],"author":[{"embeddable":true,"href":"https:\/\/www.polishscience.pl\/fr\/wp-json\/wp\/v2\/users\/11"}],"replies":[{"embeddable":true,"href":"https:\/\/www.polishscience.pl\/fr\/wp-json\/wp\/v2\/comments?post=104171"}],"version-history":[{"count":0,"href":"https:\/\/www.polishscience.pl\/fr\/wp-json\/wp\/v2\/posts\/104171\/revisions"}],"wp:attachment":[{"href":"https:\/\/www.polishscience.pl\/fr\/wp-json\/wp\/v2\/media?parent=104171"}],"wp:term":[{"taxonomy":"category","embeddable":true,"href":"https:\/\/www.polishscience.pl\/fr\/wp-json\/wp\/v2\/categories?post=104171"},{"taxonomy":"post_tag","embeddable":true,"href":"https:\/\/www.polishscience.pl\/fr\/wp-json\/wp\/v2\/tags?post=104171"}],"curies":[{"name":"wp","href":"https:\/\/api.w.org\/{rel}","templated":true}]}}