{"id":103515,"date":"2019-11-25T15:09:08","date_gmt":"2019-11-25T14:09:08","guid":{"rendered":"http:\/\/polishscience.pl\/?p=103515"},"modified":"2019-11-25T15:09:08","modified_gmt":"2019-11-25T14:09:08","slug":"la-construction-de-linstitut-des-sciences-medicales-de-lecole-superieure-professionnelle-publique-a-chelm","status":"publish","type":"post","link":"https:\/\/www.polishscience.pl\/fr\/la-construction-de-linstitut-des-sciences-medicales-de-lecole-superieure-professionnelle-publique-a-chelm\/","title":{"rendered":"La construction de l\u2019Institut des Sciences M\u00e9dicales de l&rsquo;Ecole Sup\u00e9rieure Professionnelle Publique \u00e0 Che\u0142m"},"content":{"rendered":"<p><strong>L&rsquo;Ecole professionnelle sup\u00e9rieure Publique (PWSZ) \u00e0 Che\u0142m a d\u00e9j\u00e0 \u00e9labor\u00e9 un concept architectural pr\u00e9liminaire et un concept pour l&rsquo;ensemble de l&rsquo;investissement du nouveau si\u00e8ge de l&rsquo;Institut des sciences m\u00e9dicales &#8211; informe \u00ab\u00a0Kurier Lubelski\u00a0\u00bb.<\/strong><\/p>\n<p>Nous voulons nous vanter de la premi\u00e8re \u00e9tape achev\u00e9e des travaux sur notre nouvel investissement, le si\u00e8ge de l&rsquo;Institut des sciences m\u00e9dicales &#8211; a d\u00e9clar\u00e9 le professeur Arkadiusz Tofil, recteur de l&rsquo;\u00c9cole professionnelle sup\u00e9rieure publique \u00e0 Che\u0142m, lors d&rsquo;une conf\u00e9rence de presse.<\/p>\n<p>Le recteur de l&rsquo;Universit\u00e9 de Che\u0142m a inform\u00e9 que les travaux est l\u2019un des investissements les plus s\u00e9rieux devraient bient\u00f4t se transformer en \u00a0\u00bb processus de pr\u00e9paration de la documentation technique et le d\u00e9marrage des travaux de construction eux-m\u00eames\u00a0\u00bb.<\/p>\n<p>Il s&rsquo;agit d&rsquo;un investissement qui vise \u00e0 cr\u00e9er les conditions pour le d\u00e9veloppement de l&rsquo;enseignement des sciences m\u00e9dicales \u00e0 Che\u0142m. Le nouvel institut sera le d\u00e9but du d\u00e9veloppement de la zone qui n&rsquo;a pas \u00e9t\u00e9 utilis\u00e9e depuis longtemps &#8211; a ajout\u00e9 le professeur Tofil.<\/p>\n","protected":false},"excerpt":{"rendered":"<p>L&rsquo;Ecole professionnelle sup\u00e9rieure Publique (PWSZ) \u00e0 Che\u0142m a d\u00e9j\u00e0 \u00e9labor\u00e9 un concept architectural pr\u00e9liminaire et un concept pour l&rsquo;ensemble de l&rsquo;investissement du nouveau si\u00e8ge de l&rsquo;Institut des sciences m\u00e9dicales &#8211; informe \u00ab\u00a0Kurier Lubelski\u00a0\u00bb. Nous voulons nous vanter de la premi\u00e8re \u00e9tape achev\u00e9e des travaux sur notre nouvel investissement, le si\u00e8ge de l&rsquo;Institut des sciences m\u00e9dicales [&hellip;]<\/p>\n","protected":false},"author":11,"featured_media":0,"comment_status":"closed","ping_status":"closed","sticky":false,"template":"","format":"standard","meta":[],"categories":[35,39],"tags":[],"_links":{"self":[{"href":"https:\/\/www.polishscience.pl\/fr\/wp-json\/wp\/v2\/posts\/103515"}],"collection":[{"href":"https:\/\/www.polishscience.pl\/fr\/wp-json\/wp\/v2\/posts"}],"about":[{"href":"https:\/\/www.polishscience.pl\/fr\/wp-json\/wp\/v2\/types\/post"}],"author":[{"embeddable":true,"href":"https:\/\/www.polishscience.pl\/fr\/wp-json\/wp\/v2\/users\/11"}],"replies":[{"embeddable":true,"href":"https:\/\/www.polishscience.pl\/fr\/wp-json\/wp\/v2\/comments?post=103515"}],"version-history":[{"count":0,"href":"https:\/\/www.polishscience.pl\/fr\/wp-json\/wp\/v2\/posts\/103515\/revisions"}],"wp:attachment":[{"href":"https:\/\/www.polishscience.pl\/fr\/wp-json\/wp\/v2\/media?parent=103515"}],"wp:term":[{"taxonomy":"category","embeddable":true,"href":"https:\/\/www.polishscience.pl\/fr\/wp-json\/wp\/v2\/categories?post=103515"},{"taxonomy":"post_tag","embeddable":true,"href":"https:\/\/www.polishscience.pl\/fr\/wp-json\/wp\/v2\/tags?post=103515"}],"curies":[{"name":"wp","href":"https:\/\/api.w.org\/{rel}","templated":true}]}}