{"id":103298,"date":"2019-11-22T16:09:50","date_gmt":"2019-11-22T15:09:50","guid":{"rendered":"http:\/\/polishscience.pl\/?p=103298"},"modified":"2019-11-22T16:09:50","modified_gmt":"2019-11-22T15:09:50","slug":"luniversite-des-sciences-humaines-et-des-sciences-de-la-vie-de-czestochowa-coopere-avec-le-porte-parole-pour-les-petites-et-moyennes-entreprises","status":"publish","type":"post","link":"https:\/\/www.polishscience.pl\/fr\/luniversite-des-sciences-humaines-et-des-sciences-de-la-vie-de-czestochowa-coopere-avec-le-porte-parole-pour-les-petites-et-moyennes-entreprises\/","title":{"rendered":"L&rsquo;Universit\u00e9 des sciences humaines et des sciences de la vie de Cz\u0119stochowa coop\u00e8re avec le Porte-Parole pour les petites et moyennes entreprises"},"content":{"rendered":"<p><strong>La Facult\u00e9 de droit et d&rsquo;\u00e9conomie de l&rsquo;Universit\u00e9 des sciences humaines et des sciences de la vie Jan D\u0142ugosz \u00e0 Cz\u0119stochowa a officiellement commenc\u00e9 \u00e0 coop\u00e9rer avec le M\u00e9diateur pour les petites et moyennes entreprises. La lettre d&rsquo;intention dans cette affaire a \u00e9t\u00e9 sign\u00e9e par le m\u00e9diateur adjoint pour les petites et moyennes entreprises, l&rsquo;avocat Jacek Cieplak et le recteur de l&rsquo;universit\u00e9, le professeur Anna Wypych-Gawro\u0144ska.<\/strong><\/p>\n<p>L&rsquo;objectif de cette coop\u00e9ration est d&rsquo;identifier les questions juridiques discutables que le Bureau du Porte-Parole rencontre dans ses activit\u00e9s, de mener des recherches scientifiques par l&rsquo;Universit\u00e9 dans ce domaine et de familiariser le porte-parole avec leurs r\u00e9sultats \u2013 \u00e0 lire sur le site Web de l&rsquo;universit\u00e9.<\/p>\n<p>Le porte-parole des petites et moyennes entreprises s&rsquo;occupe de la protection des int\u00e9r\u00eats des micro, petites et moyennes entreprises. Son objectif est de fournir des avis sur des projets d&rsquo;actes juridiques concernant les int\u00e9r\u00eats des entrepreneurs et les r\u00e8gles d&rsquo;exercice de l&rsquo;activit\u00e9 \u00e9conomique et d&rsquo;aider \u00e0 organiser la m\u00e9diation entre les entrepreneurs et l\u2019administration.<\/p>\n","protected":false},"excerpt":{"rendered":"<p>La Facult\u00e9 de droit et d&rsquo;\u00e9conomie de l&rsquo;Universit\u00e9 des sciences humaines et des sciences de la vie Jan D\u0142ugosz \u00e0 Cz\u0119stochowa a officiellement commenc\u00e9 \u00e0 coop\u00e9rer avec le M\u00e9diateur pour les petites et moyennes entreprises. La lettre d&rsquo;intention dans cette affaire a \u00e9t\u00e9 sign\u00e9e par le m\u00e9diateur adjoint pour les petites et moyennes entreprises, l&rsquo;avocat [&hellip;]<\/p>\n","protected":false},"author":11,"featured_media":0,"comment_status":"closed","ping_status":"closed","sticky":false,"template":"","format":"standard","meta":[],"categories":[40],"tags":[],"_links":{"self":[{"href":"https:\/\/www.polishscience.pl\/fr\/wp-json\/wp\/v2\/posts\/103298"}],"collection":[{"href":"https:\/\/www.polishscience.pl\/fr\/wp-json\/wp\/v2\/posts"}],"about":[{"href":"https:\/\/www.polishscience.pl\/fr\/wp-json\/wp\/v2\/types\/post"}],"author":[{"embeddable":true,"href":"https:\/\/www.polishscience.pl\/fr\/wp-json\/wp\/v2\/users\/11"}],"replies":[{"embeddable":true,"href":"https:\/\/www.polishscience.pl\/fr\/wp-json\/wp\/v2\/comments?post=103298"}],"version-history":[{"count":0,"href":"https:\/\/www.polishscience.pl\/fr\/wp-json\/wp\/v2\/posts\/103298\/revisions"}],"wp:attachment":[{"href":"https:\/\/www.polishscience.pl\/fr\/wp-json\/wp\/v2\/media?parent=103298"}],"wp:term":[{"taxonomy":"category","embeddable":true,"href":"https:\/\/www.polishscience.pl\/fr\/wp-json\/wp\/v2\/categories?post=103298"},{"taxonomy":"post_tag","embeddable":true,"href":"https:\/\/www.polishscience.pl\/fr\/wp-json\/wp\/v2\/tags?post=103298"}],"curies":[{"name":"wp","href":"https:\/\/api.w.org\/{rel}","templated":true}]}}