{"id":103075,"date":"2019-11-21T16:14:38","date_gmt":"2019-11-21T15:14:38","guid":{"rendered":"http:\/\/polishscience.pl\/?p=103075"},"modified":"2019-11-21T16:14:38","modified_gmt":"2019-11-21T15:14:38","slug":"le-projet-intitule-la-mobilite-dans-lenseignement-superieur-a-luniversite-de-gdansk","status":"publish","type":"post","link":"https:\/\/www.polishscience.pl\/fr\/le-projet-intitule-la-mobilite-dans-lenseignement-superieur-a-luniversite-de-gdansk\/","title":{"rendered":"Le projet intitul\u00e9 \u00ab\u00a0la mobilit\u00e9 dans l&rsquo;enseignement sup\u00e9rieur\u00a0\u00bb \u00e0 l&rsquo;Universit\u00e9 de Gda\u0144sk"},"content":{"rendered":"<p><strong>L&rsquo;Universit\u00e9 de Gda\u0144sk r\u00e9alisera le projet intitul\u00e9 \u00ab\u00a0la mobilit\u00e9 dans l&rsquo;enseignement sup\u00e9rieur\u00a0\u00bb cofinanc\u00e9 par le M\u00e9canisme financier de l&rsquo;Espace \u00e9conomique europ\u00e9en pour 2014-2021 dans le cadre du Programme Education &#8211; informe l&rsquo;universit\u00e9.<\/strong><\/p>\n<p>L&rsquo;objectif du programme est de r\u00e9duire les diff\u00e9rences \u00e9conomiques et sociales au sein de l&rsquo;Espace \u00e9conomique europ\u00e9en et de renforcer les relations entre la Pologne et les \u00c9tats donateurs (Islande, Liechtenstein, Norv\u00e8ge) dans le domaine de l&rsquo;\u00e9ducation.<\/p>\n<p>Le projet vise \u00e0 accro\u00eetre la mobilit\u00e9 des \u00e9tudiants et du personnel universitaire entre la Pologne et les pays donateurs. Il couvre la mobilit\u00e9 des enseignants universitaires pour enseigner et du personnel pour effectuer des stages d&rsquo;observation au poste de travail, des s\u00e9minaires, des formations, des ateliers et des conf\u00e9rences pour am\u00e9liorer les comp\u00e9tences et \u00e9largir les connaissances.<\/p>\n<p>Gr\u00e2ce \u00e0 cette bourse, les \u00e9tudiants pourront \u00e9galement participer \u00e0 des stages dans des institutions coop\u00e9rant pour une p\u00e9riode de 2 \u00e0 12 mois au cours d&rsquo;une ann\u00e9e universitaire.<\/p>\n","protected":false},"excerpt":{"rendered":"<p>L&rsquo;Universit\u00e9 de Gda\u0144sk r\u00e9alisera le projet intitul\u00e9 \u00ab\u00a0la mobilit\u00e9 dans l&rsquo;enseignement sup\u00e9rieur\u00a0\u00bb cofinanc\u00e9 par le M\u00e9canisme financier de l&rsquo;Espace \u00e9conomique europ\u00e9en pour 2014-2021 dans le cadre du Programme Education &#8211; informe l&rsquo;universit\u00e9. L&rsquo;objectif du programme est de r\u00e9duire les diff\u00e9rences \u00e9conomiques et sociales au sein de l&rsquo;Espace \u00e9conomique europ\u00e9en et de renforcer les relations entre [&hellip;]<\/p>\n","protected":false},"author":11,"featured_media":0,"comment_status":"closed","ping_status":"closed","sticky":false,"template":"","format":"standard","meta":[],"categories":[35],"tags":[],"_links":{"self":[{"href":"https:\/\/www.polishscience.pl\/fr\/wp-json\/wp\/v2\/posts\/103075"}],"collection":[{"href":"https:\/\/www.polishscience.pl\/fr\/wp-json\/wp\/v2\/posts"}],"about":[{"href":"https:\/\/www.polishscience.pl\/fr\/wp-json\/wp\/v2\/types\/post"}],"author":[{"embeddable":true,"href":"https:\/\/www.polishscience.pl\/fr\/wp-json\/wp\/v2\/users\/11"}],"replies":[{"embeddable":true,"href":"https:\/\/www.polishscience.pl\/fr\/wp-json\/wp\/v2\/comments?post=103075"}],"version-history":[{"count":0,"href":"https:\/\/www.polishscience.pl\/fr\/wp-json\/wp\/v2\/posts\/103075\/revisions"}],"wp:attachment":[{"href":"https:\/\/www.polishscience.pl\/fr\/wp-json\/wp\/v2\/media?parent=103075"}],"wp:term":[{"taxonomy":"category","embeddable":true,"href":"https:\/\/www.polishscience.pl\/fr\/wp-json\/wp\/v2\/categories?post=103075"},{"taxonomy":"post_tag","embeddable":true,"href":"https:\/\/www.polishscience.pl\/fr\/wp-json\/wp\/v2\/tags?post=103075"}],"curies":[{"name":"wp","href":"https:\/\/api.w.org\/{rel}","templated":true}]}}