{"id":102836,"date":"2019-11-20T14:13:57","date_gmt":"2019-11-20T13:13:57","guid":{"rendered":"http:\/\/polishscience.pl\/?p=102836"},"modified":"2019-11-20T14:13:57","modified_gmt":"2019-11-20T13:13:57","slug":"le-president-de-la-republique-soutient-la-cooperation-entre-les-entreprises-et-les-universites","status":"publish","type":"post","link":"https:\/\/www.polishscience.pl\/fr\/le-president-de-la-republique-soutient-la-cooperation-entre-les-entreprises-et-les-universites\/","title":{"rendered":"Le Pr\u00e9sident de la R\u00e9publique soutient la coop\u00e9ration entre les entreprises et les universit\u00e9s"},"content":{"rendered":"<p><strong>L&rsquo;une des priorit\u00e9s de la pr\u00e9sidence d&rsquo;Andrzej Duda est de soutenir les formats qui influencent le d\u00e9veloppement de la coop\u00e9ration entre les entreprises, la science polonaise et les universit\u00e9s polonaises &#8211; a d\u00e9clar\u00e9 B\u0142a\u017cej Spychalski, porte-parole du pr\u00e9sident polonais, lors d&rsquo;une c\u00e9r\u00e9monie c\u00e9l\u00e9brant le 20e anniversaire de la Fondation pour le soutien au d\u00e9veloppement des technologies de communication radio et multim\u00e9dias.<\/strong><\/p>\n<p>La Fondation a pour mission d&rsquo;int\u00e9grer le monde de la science et de l&rsquo;\u00e9conomie. A l&rsquo;occasion de son anniversaire, le Pr\u00e9sident Andrzej Duda a remis le drapeau polonais avec une d\u00e9dicace \u00e0 la Fondation. Comme l&rsquo;a soulign\u00e9 le porte-parole du Pr\u00e9sident, la Fondation est en phase avec les priorit\u00e9s \u00e9conomiques du Pr\u00e9sident. Selon lui, la coop\u00e9ration entre les entreprises, les universit\u00e9s et la Fondation est tr\u00e8s importante.<\/p>\n<p>Ce sont des choses qui sont tr\u00e8s importantes du point de vue de l&rsquo;\u00e9conomie polonaise \u00ab\u00a0, a d\u00e9clar\u00e9 B\u0142a\u017cej Spychalski. Il a ajout\u00e9 que \u00ab\u00a0le pr\u00e9sident est extr\u00eamement int\u00e9ress\u00e9 par le meilleur d\u00e9veloppement possible de la coop\u00e9ration entre les entreprises et les universit\u00e9s, et la Fondation montre que c&rsquo;est possible\u00a0\u00bb.<\/p>\n","protected":false},"excerpt":{"rendered":"<p>L&rsquo;une des priorit\u00e9s de la pr\u00e9sidence d&rsquo;Andrzej Duda est de soutenir les formats qui influencent le d\u00e9veloppement de la coop\u00e9ration entre les entreprises, la science polonaise et les universit\u00e9s polonaises &#8211; a d\u00e9clar\u00e9 B\u0142a\u017cej Spychalski, porte-parole du pr\u00e9sident polonais, lors d&rsquo;une c\u00e9r\u00e9monie c\u00e9l\u00e9brant le 20e anniversaire de la Fondation pour le soutien au d\u00e9veloppement des [&hellip;]<\/p>\n","protected":false},"author":11,"featured_media":0,"comment_status":"closed","ping_status":"closed","sticky":false,"template":"","format":"standard","meta":[],"categories":[40],"tags":[],"_links":{"self":[{"href":"https:\/\/www.polishscience.pl\/fr\/wp-json\/wp\/v2\/posts\/102836"}],"collection":[{"href":"https:\/\/www.polishscience.pl\/fr\/wp-json\/wp\/v2\/posts"}],"about":[{"href":"https:\/\/www.polishscience.pl\/fr\/wp-json\/wp\/v2\/types\/post"}],"author":[{"embeddable":true,"href":"https:\/\/www.polishscience.pl\/fr\/wp-json\/wp\/v2\/users\/11"}],"replies":[{"embeddable":true,"href":"https:\/\/www.polishscience.pl\/fr\/wp-json\/wp\/v2\/comments?post=102836"}],"version-history":[{"count":0,"href":"https:\/\/www.polishscience.pl\/fr\/wp-json\/wp\/v2\/posts\/102836\/revisions"}],"wp:attachment":[{"href":"https:\/\/www.polishscience.pl\/fr\/wp-json\/wp\/v2\/media?parent=102836"}],"wp:term":[{"taxonomy":"category","embeddable":true,"href":"https:\/\/www.polishscience.pl\/fr\/wp-json\/wp\/v2\/categories?post=102836"},{"taxonomy":"post_tag","embeddable":true,"href":"https:\/\/www.polishscience.pl\/fr\/wp-json\/wp\/v2\/tags?post=102836"}],"curies":[{"name":"wp","href":"https:\/\/api.w.org\/{rel}","templated":true}]}}