{"id":102636,"date":"2019-11-19T15:34:39","date_gmt":"2019-11-19T14:34:39","guid":{"rendered":"http:\/\/polishscience.pl\/?p=102636"},"modified":"2019-11-19T15:34:39","modified_gmt":"2019-11-19T14:34:39","slug":"la-xxie-conference-scientifique-et-technique-intitulee-les-geosynthetiques-et-les-textiles-techniques-dans-la-construction-et-la-protection-de-lenvironnement","status":"publish","type":"post","link":"https:\/\/www.polishscience.pl\/fr\/la-xxie-conference-scientifique-et-technique-intitulee-les-geosynthetiques-et-les-textiles-techniques-dans-la-construction-et-la-protection-de-lenvironnement\/","title":{"rendered":"La XXIe Conf\u00e9rence scientifique et technique intitul\u00e9e \u00ab\u00a0Les g\u00e9osynth\u00e9tiques et les textiles techniques dans la construction et la protection de l&rsquo;environnement\u00a0\u00bb"},"content":{"rendered":"<p><strong>La Facult\u00e9 de g\u00e9nie des mat\u00e9riaux, du b\u00e2timent et de l&rsquo;environnement de l&rsquo;Acad\u00e9mie technique et des sciences humaines de Bielsko-Bia\u0142a est co-organisatrice de la XXIe Conf\u00e9rence scientifique et technique \u00ab\u00a0Les g\u00e9osynth\u00e9tiques et les textiles techniques dans le b\u00e2timent et protection de l&rsquo;environnement\u00a0\u00bb. &#8211; informe l&rsquo;universit\u00e9.<\/strong><\/p>\n<p>La conf\u00e9rence et les ateliers de formation \u00ab\u00a0L&rsquo;application des g\u00e9osynth\u00e9tiques et des textiles techniques dans les installations techniques\u00a0\u00bb se tiendront du 20 au 22 novembre \u00e0 Ustro\u0144. L&rsquo;objectif de ces deux \u00e9v\u00e9nements est de pr\u00e9senter les r\u00e9sultats de la recherche, les derni\u00e8res avanc\u00e9es scientifiques et techniques en g\u00e9osynth\u00e9tiques, fibres et textiles techniques utilis\u00e9s dans l&rsquo;ing\u00e9nierie environnementale et la construction.<\/p>\n<p>La conf\u00e9rence devrait int\u00e9resser les fabricants, les investisseurs, les concepteurs, les entrepreneurs, les universitaires et les \u00e9tudiants int\u00e9ress\u00e9s par les questions li\u00e9es \u00e0 l&rsquo;utilisation des g\u00e9osynth\u00e9tiques, des fibres et des textiles techniques dans la construction et le g\u00e9nie environnemental.<\/p>\n","protected":false},"excerpt":{"rendered":"<p>La Facult\u00e9 de g\u00e9nie des mat\u00e9riaux, du b\u00e2timent et de l&rsquo;environnement de l&rsquo;Acad\u00e9mie technique et des sciences humaines de Bielsko-Bia\u0142a est co-organisatrice de la XXIe Conf\u00e9rence scientifique et technique \u00ab\u00a0Les g\u00e9osynth\u00e9tiques et les textiles techniques dans le b\u00e2timent et protection de l&rsquo;environnement\u00a0\u00bb. &#8211; informe l&rsquo;universit\u00e9. La conf\u00e9rence et les ateliers de formation \u00ab\u00a0L&rsquo;application des g\u00e9osynth\u00e9tiques [&hellip;]<\/p>\n","protected":false},"author":11,"featured_media":0,"comment_status":"closed","ping_status":"closed","sticky":false,"template":"","format":"standard","meta":[],"categories":[41,34],"tags":[],"_links":{"self":[{"href":"https:\/\/www.polishscience.pl\/fr\/wp-json\/wp\/v2\/posts\/102636"}],"collection":[{"href":"https:\/\/www.polishscience.pl\/fr\/wp-json\/wp\/v2\/posts"}],"about":[{"href":"https:\/\/www.polishscience.pl\/fr\/wp-json\/wp\/v2\/types\/post"}],"author":[{"embeddable":true,"href":"https:\/\/www.polishscience.pl\/fr\/wp-json\/wp\/v2\/users\/11"}],"replies":[{"embeddable":true,"href":"https:\/\/www.polishscience.pl\/fr\/wp-json\/wp\/v2\/comments?post=102636"}],"version-history":[{"count":0,"href":"https:\/\/www.polishscience.pl\/fr\/wp-json\/wp\/v2\/posts\/102636\/revisions"}],"wp:attachment":[{"href":"https:\/\/www.polishscience.pl\/fr\/wp-json\/wp\/v2\/media?parent=102636"}],"wp:term":[{"taxonomy":"category","embeddable":true,"href":"https:\/\/www.polishscience.pl\/fr\/wp-json\/wp\/v2\/categories?post=102636"},{"taxonomy":"post_tag","embeddable":true,"href":"https:\/\/www.polishscience.pl\/fr\/wp-json\/wp\/v2\/tags?post=102636"}],"curies":[{"name":"wp","href":"https:\/\/api.w.org\/{rel}","templated":true}]}}