{"id":102632,"date":"2019-11-19T14:55:57","date_gmt":"2019-11-19T13:55:57","guid":{"rendered":"http:\/\/polishscience.pl\/?p=102632"},"modified":"2019-11-19T14:55:57","modified_gmt":"2019-11-19T13:55:57","slug":"une-conference-scientifique-a-cracovie-sur-le-forum-polonais-de-developpement-economique","status":"publish","type":"post","link":"https:\/\/www.polishscience.pl\/fr\/une-conference-scientifique-a-cracovie-sur-le-forum-polonais-de-developpement-economique\/","title":{"rendered":"Une conf\u00e9rence scientifique \u00e0 Cracovie sur \u00ab\u00a0le Forum polonais de d\u00e9veloppement \u00e9conomique\u00a0\u00bb"},"content":{"rendered":"<p><strong>Les 21-22 novembre 2019, l&rsquo;Institut \u00e9tudiant d&rsquo;analyse \u00e9conomique de l&rsquo;Universit\u00e9 d&rsquo;\u00e9conomie de Cracovie (UEK) organise la 2\u00e8me Conf\u00e9rence scientifique nationale \u00ab\u00a0Forum polonais de d\u00e9veloppement \u00e9conomique\u00a0\u00bb qui s&rsquo;adresse aux \u00e9tudiants de premier et deuxi\u00e8me cycle, aux doctorants et aux m\u00e9decins.<\/strong><\/p>\n<p>L&rsquo;objectif de la conf\u00e9rence est d&rsquo;\u00e9changer des vues sur la situation \u00e9conomique en Pologne et d&rsquo;\u00e9largir les connaissances en sciences \u00e9conomiques. La conf\u00e9rence offrira du temps pour la discussion et l&rsquo;int\u00e9gration.<\/p>\n<p>Le champ th\u00e9matique de la conf\u00e9rence comprend des questions telles que les in\u00e9galit\u00e9s sociales, l&rsquo;esprit d&rsquo;entreprise et l&rsquo;innovation, le climat et l&rsquo;\u00e9conomie verte, les relations internationales, la d\u00e9mographie, la finance, le syst\u00e8me fiscal et la politique fiscale et mon\u00e9taire.<\/p>\n","protected":false},"excerpt":{"rendered":"<p>Les 21-22 novembre 2019, l&rsquo;Institut \u00e9tudiant d&rsquo;analyse \u00e9conomique de l&rsquo;Universit\u00e9 d&rsquo;\u00e9conomie de Cracovie (UEK) organise la 2\u00e8me Conf\u00e9rence scientifique nationale \u00ab\u00a0Forum polonais de d\u00e9veloppement \u00e9conomique\u00a0\u00bb qui s&rsquo;adresse aux \u00e9tudiants de premier et deuxi\u00e8me cycle, aux doctorants et aux m\u00e9decins. L&rsquo;objectif de la conf\u00e9rence est d&rsquo;\u00e9changer des vues sur la situation \u00e9conomique en Pologne et d&rsquo;\u00e9largir [&hellip;]<\/p>\n","protected":false},"author":11,"featured_media":0,"comment_status":"closed","ping_status":"closed","sticky":false,"template":"","format":"standard","meta":[],"categories":[40,41],"tags":[],"_links":{"self":[{"href":"https:\/\/www.polishscience.pl\/fr\/wp-json\/wp\/v2\/posts\/102632"}],"collection":[{"href":"https:\/\/www.polishscience.pl\/fr\/wp-json\/wp\/v2\/posts"}],"about":[{"href":"https:\/\/www.polishscience.pl\/fr\/wp-json\/wp\/v2\/types\/post"}],"author":[{"embeddable":true,"href":"https:\/\/www.polishscience.pl\/fr\/wp-json\/wp\/v2\/users\/11"}],"replies":[{"embeddable":true,"href":"https:\/\/www.polishscience.pl\/fr\/wp-json\/wp\/v2\/comments?post=102632"}],"version-history":[{"count":0,"href":"https:\/\/www.polishscience.pl\/fr\/wp-json\/wp\/v2\/posts\/102632\/revisions"}],"wp:attachment":[{"href":"https:\/\/www.polishscience.pl\/fr\/wp-json\/wp\/v2\/media?parent=102632"}],"wp:term":[{"taxonomy":"category","embeddable":true,"href":"https:\/\/www.polishscience.pl\/fr\/wp-json\/wp\/v2\/categories?post=102632"},{"taxonomy":"post_tag","embeddable":true,"href":"https:\/\/www.polishscience.pl\/fr\/wp-json\/wp\/v2\/tags?post=102632"}],"curies":[{"name":"wp","href":"https:\/\/api.w.org\/{rel}","templated":true}]}}