{"id":102628,"date":"2019-11-19T13:19:49","date_gmt":"2019-11-19T12:19:49","guid":{"rendered":"http:\/\/polishscience.pl\/?p=102628"},"modified":"2019-11-19T13:19:49","modified_gmt":"2019-11-19T12:19:49","slug":"la-polytechnique-de-lodz-cooperera-avec-luniversite-du-senegal","status":"publish","type":"post","link":"https:\/\/www.polishscience.pl\/fr\/la-polytechnique-de-lodz-cooperera-avec-luniversite-du-senegal\/","title":{"rendered":"La Polytechnique de \u0141\u00f3d\u017a coop\u00e9rera avec l&rsquo;Universit\u00e9 du S\u00e9n\u00e9gal"},"content":{"rendered":"<p><strong>Le professeur S\u0142awomir Wiak, Recteur de l&rsquo;Universit\u00e9 polytechnique de \u0141\u00f3d\u017a (P\u0141), a sign\u00e9 un accord de coop\u00e9ration didactique et scientifique avec l&rsquo;Universit\u00e9 technique de Thi\u00e8s, repr\u00e9sent\u00e9e par le Professeur Alassane Di\u00e8ne, Directeur et le Prof. Mamadou Lamine Lo, Chef du D\u00e9partement charg\u00e9 de la coop\u00e9ration \u00e9trang\u00e8re.<\/strong><\/p>\n<p>Des repr\u00e9sentants de l&rsquo;Universit\u00e9 du S\u00e9n\u00e9gal ont visit\u00e9 les facult\u00e9s et les laboratoires de l&rsquo;Universit\u00e9 polytechnique de \u0141\u00f3d\u017a en relation avec les domaines dans lesquels l&rsquo;Universit\u00e9 technique de Thi\u00e8s m\u00e8ne des activit\u00e9s de recherche et de formation. Ils ont visit\u00e9 des laboratoires \u00e0 la Facult\u00e9 de m\u00e9canique, le Centre de technologie de l&rsquo;information, la Facult\u00e9 de construction, d&rsquo;architecture et de g\u00e9nie environnemental et Lab Factor &#8211; informe la Polytechnique de \u0141\u00f3d\u017a.<\/p>\n<p>Un changement de profil de l&rsquo;enseignement sup\u00e9rieur est en cours au S\u00e9n\u00e9gal. Il doit \u00eatre davantage ax\u00e9 sur les sciences techniques qu&rsquo;auparavant. Le S\u00e9n\u00e9gal n&rsquo;ayant que deux universit\u00e9s de technologie, il sera heureux d&rsquo;utiliser l&rsquo;exp\u00e9rience de l&rsquo;Universit\u00e9 de \u0141\u00f3d\u017a pour leur d\u00e9veloppement.<\/p>\n","protected":false},"excerpt":{"rendered":"<p>Le professeur S\u0142awomir Wiak, Recteur de l&rsquo;Universit\u00e9 polytechnique de \u0141\u00f3d\u017a (P\u0141), a sign\u00e9 un accord de coop\u00e9ration didactique et scientifique avec l&rsquo;Universit\u00e9 technique de Thi\u00e8s, repr\u00e9sent\u00e9e par le Professeur Alassane Di\u00e8ne, Directeur et le Prof. Mamadou Lamine Lo, Chef du D\u00e9partement charg\u00e9 de la coop\u00e9ration \u00e9trang\u00e8re. Des repr\u00e9sentants de l&rsquo;Universit\u00e9 du S\u00e9n\u00e9gal ont visit\u00e9 les [&hellip;]<\/p>\n","protected":false},"author":11,"featured_media":0,"comment_status":"closed","ping_status":"closed","sticky":false,"template":"","format":"standard","meta":[],"categories":[35],"tags":[],"_links":{"self":[{"href":"https:\/\/www.polishscience.pl\/fr\/wp-json\/wp\/v2\/posts\/102628"}],"collection":[{"href":"https:\/\/www.polishscience.pl\/fr\/wp-json\/wp\/v2\/posts"}],"about":[{"href":"https:\/\/www.polishscience.pl\/fr\/wp-json\/wp\/v2\/types\/post"}],"author":[{"embeddable":true,"href":"https:\/\/www.polishscience.pl\/fr\/wp-json\/wp\/v2\/users\/11"}],"replies":[{"embeddable":true,"href":"https:\/\/www.polishscience.pl\/fr\/wp-json\/wp\/v2\/comments?post=102628"}],"version-history":[{"count":0,"href":"https:\/\/www.polishscience.pl\/fr\/wp-json\/wp\/v2\/posts\/102628\/revisions"}],"wp:attachment":[{"href":"https:\/\/www.polishscience.pl\/fr\/wp-json\/wp\/v2\/media?parent=102628"}],"wp:term":[{"taxonomy":"category","embeddable":true,"href":"https:\/\/www.polishscience.pl\/fr\/wp-json\/wp\/v2\/categories?post=102628"},{"taxonomy":"post_tag","embeddable":true,"href":"https:\/\/www.polishscience.pl\/fr\/wp-json\/wp\/v2\/tags?post=102628"}],"curies":[{"name":"wp","href":"https:\/\/api.w.org\/{rel}","templated":true}]}}