{"id":102403,"date":"2019-11-18T15:29:14","date_gmt":"2019-11-18T14:29:14","guid":{"rendered":"http:\/\/polishscience.pl\/?p=102403"},"modified":"2019-11-18T15:29:14","modified_gmt":"2019-11-18T14:29:14","slug":"les-scientifiques-etudieront-la-relation-entre-la-microflore-bacterienne-intestinale-et-la-schizophrenie","status":"publish","type":"post","link":"https:\/\/www.polishscience.pl\/fr\/les-scientifiques-etudieront-la-relation-entre-la-microflore-bacterienne-intestinale-et-la-schizophrenie\/","title":{"rendered":"Les scientifiques \u00e9tudieront la relation entre la microflore bact\u00e9rienne intestinale et la schizophr\u00e9nie"},"content":{"rendered":"<p><strong>Des scientifiques de l&rsquo;Universit\u00e9 de m\u00e9decine de Wroc\u0142aw, de l&rsquo;Universit\u00e9 de m\u00e9decine de Pom\u00e9ranie et de l&rsquo;Institut d&rsquo;immunologie et de th\u00e9rapie exp\u00e9rimentale de l&rsquo;Acad\u00e9mie polonaise des sciences de Wroc\u0142aw \u00e9tudieront l&rsquo;importance de la microflore et la perm\u00e9abilit\u00e9 de la barri\u00e8re colique dans la pathophysiologie de la schizophr\u00e9nie.<\/strong><\/p>\n<p>L&rsquo;objectif de la recherche est donc de v\u00e9rifier si le sous-groupe de patients, qui pr\u00e9sente une \u00e9volution tr\u00e8s d\u00e9favorable de la maladie et un certain nombre de sympt\u00f4mes n\u00e9gatifs, se distingue \u00e9galement en termes de composition de la microflore. Les scientifiques ont obtenu plus d&rsquo;un million de zlotys du programme Opus 16 pour leur travail.<\/p>\n<p>La recherche peut accro\u00eetre le niveau des connaissances sur les psychobiotiques &#8211; des souches de bact\u00e9ries sp\u00e9cialement s\u00e9lectionn\u00e9es, qui sont utilis\u00e9es, entre autres, dans le cas de la d\u00e9pression comme traitement de soutien. Selon les premi\u00e8res analyses, les psychobiotiques peuvent non seulement augmenter l&rsquo;efficacit\u00e9 du traitement, mais aussi att\u00e9nuer certains effets ind\u00e9sirables des m\u00e9dicaments psychiatriques &#8211; \u00e0 lire sur le site Web de l&rsquo;Universit\u00e9 Wroc\u0142aw.<\/p>\n<p>Pour plus d&rsquo;informations : <a href=\"https:\/\/www.umed.wroc.pl\/gu-w-poszukiwaniu-zwiazkow-miedzy-mikroflora-jelit-schizofrenia\">https:\/\/www.umed.wroc.pl\/gu-w-poszukiwaniu-zwiazkow-miedzy-mikroflora-jelit-schizofrenia<\/a><\/p>\n","protected":false},"excerpt":{"rendered":"<p>Des scientifiques de l&rsquo;Universit\u00e9 de m\u00e9decine de Wroc\u0142aw, de l&rsquo;Universit\u00e9 de m\u00e9decine de Pom\u00e9ranie et de l&rsquo;Institut d&rsquo;immunologie et de th\u00e9rapie exp\u00e9rimentale de l&rsquo;Acad\u00e9mie polonaise des sciences de Wroc\u0142aw \u00e9tudieront l&rsquo;importance de la microflore et la perm\u00e9abilit\u00e9 de la barri\u00e8re colique dans la pathophysiologie de la schizophr\u00e9nie. L&rsquo;objectif de la recherche est donc de v\u00e9rifier [&hellip;]<\/p>\n","protected":false},"author":11,"featured_media":0,"comment_status":"closed","ping_status":"closed","sticky":false,"template":"","format":"standard","meta":[],"categories":[39],"tags":[],"_links":{"self":[{"href":"https:\/\/www.polishscience.pl\/fr\/wp-json\/wp\/v2\/posts\/102403"}],"collection":[{"href":"https:\/\/www.polishscience.pl\/fr\/wp-json\/wp\/v2\/posts"}],"about":[{"href":"https:\/\/www.polishscience.pl\/fr\/wp-json\/wp\/v2\/types\/post"}],"author":[{"embeddable":true,"href":"https:\/\/www.polishscience.pl\/fr\/wp-json\/wp\/v2\/users\/11"}],"replies":[{"embeddable":true,"href":"https:\/\/www.polishscience.pl\/fr\/wp-json\/wp\/v2\/comments?post=102403"}],"version-history":[{"count":0,"href":"https:\/\/www.polishscience.pl\/fr\/wp-json\/wp\/v2\/posts\/102403\/revisions"}],"wp:attachment":[{"href":"https:\/\/www.polishscience.pl\/fr\/wp-json\/wp\/v2\/media?parent=102403"}],"wp:term":[{"taxonomy":"category","embeddable":true,"href":"https:\/\/www.polishscience.pl\/fr\/wp-json\/wp\/v2\/categories?post=102403"},{"taxonomy":"post_tag","embeddable":true,"href":"https:\/\/www.polishscience.pl\/fr\/wp-json\/wp\/v2\/tags?post=102403"}],"curies":[{"name":"wp","href":"https:\/\/api.w.org\/{rel}","templated":true}]}}