{"id":102391,"date":"2019-11-18T13:14:45","date_gmt":"2019-11-18T12:14:45","guid":{"rendered":"http:\/\/polishscience.pl\/?p=102391"},"modified":"2019-11-18T13:14:45","modified_gmt":"2019-11-18T12:14:45","slug":"le-vice-premier-ministre-gowin-en-visite-au-centre-national-des-sciences","status":"publish","type":"post","link":"https:\/\/www.polishscience.pl\/fr\/le-vice-premier-ministre-gowin-en-visite-au-centre-national-des-sciences\/","title":{"rendered":"Le vice-premier ministre Gowin en visite au Centre national des sciences"},"content":{"rendered":"<p><strong>La participation de scientifiques polonais \u00e0 des programmes financ\u00e9s par des fonds europ\u00e9ens a \u00e9t\u00e9 discut\u00e9e le 14 novembre 2019 lors d&rsquo;une r\u00e9union des directeurs et des membres du Conseil du Centre national des sciences (NCN) avec Jaros\u0142aw Gowin, vice-premier ministre, ministre des sciences et de l&rsquo;enseignement sup\u00e9rieur.<\/strong><\/p>\n<p>Comme l&rsquo;indique le NCN, la discussion s&rsquo;est concentr\u00e9e sur les moyens d&rsquo;aider les chercheurs travaillant dans les unit\u00e9s polonaises \u00e0 demander un financement dans le cadre des concours du CER et d&rsquo;autres programmes mis en \u0153uvre au titre d&rsquo;Horizon 2020.<\/p>\n<p>Les opportunit\u00e9s offertes par Horizon Europe &#8211; un autre programme d&rsquo;investissement de l&rsquo;Union europ\u00e9enne dans le domaine de la recherche scientifique et de l&rsquo;innovation &#8211; ont \u00e9galement \u00e9t\u00e9 discut\u00e9es. Les participants \u00e0 la r\u00e9union sont convenus qu&rsquo;il est important d&rsquo;apporter un soutien multiforme aux entit\u00e9s scientifiques et aux chercheurs individuels qui sollicitent un financement communautaire pour la recherche, tant aupr\u00e8s du minist\u00e8re des Sciences et de l&rsquo;Enseignement sup\u00e9rieur que des agences ex\u00e9cutives, dont le Centre national des sciences.<\/p>\n","protected":false},"excerpt":{"rendered":"<p>La participation de scientifiques polonais \u00e0 des programmes financ\u00e9s par des fonds europ\u00e9ens a \u00e9t\u00e9 discut\u00e9e le 14 novembre 2019 lors d&rsquo;une r\u00e9union des directeurs et des membres du Conseil du Centre national des sciences (NCN) avec Jaros\u0142aw Gowin, vice-premier ministre, ministre des sciences et de l&rsquo;enseignement sup\u00e9rieur. Comme l&rsquo;indique le NCN, la discussion s&rsquo;est [&hellip;]<\/p>\n","protected":false},"author":11,"featured_media":0,"comment_status":"closed","ping_status":"closed","sticky":false,"template":"","format":"standard","meta":[],"categories":[41],"tags":[],"_links":{"self":[{"href":"https:\/\/www.polishscience.pl\/fr\/wp-json\/wp\/v2\/posts\/102391"}],"collection":[{"href":"https:\/\/www.polishscience.pl\/fr\/wp-json\/wp\/v2\/posts"}],"about":[{"href":"https:\/\/www.polishscience.pl\/fr\/wp-json\/wp\/v2\/types\/post"}],"author":[{"embeddable":true,"href":"https:\/\/www.polishscience.pl\/fr\/wp-json\/wp\/v2\/users\/11"}],"replies":[{"embeddable":true,"href":"https:\/\/www.polishscience.pl\/fr\/wp-json\/wp\/v2\/comments?post=102391"}],"version-history":[{"count":0,"href":"https:\/\/www.polishscience.pl\/fr\/wp-json\/wp\/v2\/posts\/102391\/revisions"}],"wp:attachment":[{"href":"https:\/\/www.polishscience.pl\/fr\/wp-json\/wp\/v2\/media?parent=102391"}],"wp:term":[{"taxonomy":"category","embeddable":true,"href":"https:\/\/www.polishscience.pl\/fr\/wp-json\/wp\/v2\/categories?post=102391"},{"taxonomy":"post_tag","embeddable":true,"href":"https:\/\/www.polishscience.pl\/fr\/wp-json\/wp\/v2\/tags?post=102391"}],"curies":[{"name":"wp","href":"https:\/\/api.w.org\/{rel}","templated":true}]}}