{"id":102389,"date":"2019-11-18T12:53:20","date_gmt":"2019-11-18T11:53:20","guid":{"rendered":"http:\/\/polishscience.pl\/?p=102389"},"modified":"2019-11-18T12:53:20","modified_gmt":"2019-11-18T11:53:20","slug":"la-conference-intitulee-un-degre-et-demi-la-science-dans-la-lutte-pour-le-climat","status":"publish","type":"post","link":"https:\/\/www.polishscience.pl\/fr\/la-conference-intitulee-un-degre-et-demi-la-science-dans-la-lutte-pour-le-climat\/","title":{"rendered":"La conf\u00e9rence intitul\u00e9e \u00ab\u00a0Un degr\u00e9 et demi. La science dans la lutte pour le climat\u00a0\u00bb"},"content":{"rendered":"<p><strong>Le professeur Pawe\u0142 Rowi\u0144ski, vice-pr\u00e9sident de l&rsquo;Acad\u00e9mie polonaise des sciences (PAN), hydrologue et hydrodynamique, donnera une conf\u00e9rence le 21 novembre 2019 \u00e0 l&rsquo;Institut de g\u00e9ophysique de PAN intitul\u00e9e \u00ab\u00a0Un degr\u00e9 et demi. La science dans la lutte pour le climat\u00a0\u00bb.<\/strong><\/p>\n<p>Le professeur Rowi\u0144ski essaiera de r\u00e9pondre \u00e0 ces questions : Pourquoi le r\u00e9chauffement de l&rsquo;Arctique est-il plus rapide que dans d&rsquo;autres r\u00e9gions du globe ? Devrons-nous faire face \u00e0 des inondations ? Sommes-nous menac\u00e9s par le manque d&rsquo;eau potable ? Est-il possible d&rsquo;arr\u00eater le changement climatique ?<\/p>\n<p>Le th\u00e8me symbolique \u00a0\u00bb un degr\u00e9 et demi \u00a0\u00bb est souvent utilis\u00e9 dans la discussion sur le r\u00e9chauffement climatique. La conf\u00e9rence expliquera les avantages d&rsquo;arr\u00eater l&rsquo;augmentation de la temp\u00e9rature moyenne \u00e0 ce niveau (par rapport \u00e0 l&rsquo;\u00e9poque pr\u00e9industrielle).<\/p>\n<p>La conf\u00e9rence marque le d\u00e9but d&rsquo;un projet \u00e0 long terme appel\u00e9 Edu-Arctic. Son objectif est de pr\u00e9senter les succ\u00e8s de la science polonaise et les d\u00e9fis auxquels elle est confront\u00e9e, en particulier dans le domaine de la recherche polaire.<\/p>\n","protected":false},"excerpt":{"rendered":"<p>Le professeur Pawe\u0142 Rowi\u0144ski, vice-pr\u00e9sident de l&rsquo;Acad\u00e9mie polonaise des sciences (PAN), hydrologue et hydrodynamique, donnera une conf\u00e9rence le 21 novembre 2019 \u00e0 l&rsquo;Institut de g\u00e9ophysique de PAN intitul\u00e9e \u00ab\u00a0Un degr\u00e9 et demi. La science dans la lutte pour le climat\u00a0\u00bb. Le professeur Rowi\u0144ski essaiera de r\u00e9pondre \u00e0 ces questions : Pourquoi le r\u00e9chauffement de l&rsquo;Arctique [&hellip;]<\/p>\n","protected":false},"author":11,"featured_media":0,"comment_status":"closed","ping_status":"closed","sticky":false,"template":"","format":"standard","meta":[],"categories":[41],"tags":[],"_links":{"self":[{"href":"https:\/\/www.polishscience.pl\/fr\/wp-json\/wp\/v2\/posts\/102389"}],"collection":[{"href":"https:\/\/www.polishscience.pl\/fr\/wp-json\/wp\/v2\/posts"}],"about":[{"href":"https:\/\/www.polishscience.pl\/fr\/wp-json\/wp\/v2\/types\/post"}],"author":[{"embeddable":true,"href":"https:\/\/www.polishscience.pl\/fr\/wp-json\/wp\/v2\/users\/11"}],"replies":[{"embeddable":true,"href":"https:\/\/www.polishscience.pl\/fr\/wp-json\/wp\/v2\/comments?post=102389"}],"version-history":[{"count":0,"href":"https:\/\/www.polishscience.pl\/fr\/wp-json\/wp\/v2\/posts\/102389\/revisions"}],"wp:attachment":[{"href":"https:\/\/www.polishscience.pl\/fr\/wp-json\/wp\/v2\/media?parent=102389"}],"wp:term":[{"taxonomy":"category","embeddable":true,"href":"https:\/\/www.polishscience.pl\/fr\/wp-json\/wp\/v2\/categories?post=102389"},{"taxonomy":"post_tag","embeddable":true,"href":"https:\/\/www.polishscience.pl\/fr\/wp-json\/wp\/v2\/tags?post=102389"}],"curies":[{"name":"wp","href":"https:\/\/api.w.org\/{rel}","templated":true}]}}