{"id":101837,"date":"2019-11-14T15:25:22","date_gmt":"2019-11-14T14:25:22","guid":{"rendered":"http:\/\/polishscience.pl\/?p=101837"},"modified":"2019-11-14T15:25:22","modified_gmt":"2019-11-14T14:25:22","slug":"la-signature-de-la-declaration-de-fondation-de-lassociation-polono-tcheque-des-universites","status":"publish","type":"post","link":"https:\/\/www.polishscience.pl\/fr\/la-signature-de-la-declaration-de-fondation-de-lassociation-polono-tcheque-des-universites\/","title":{"rendered":"La signature de la d\u00e9claration de fondation de l&rsquo;Association Polono-Tch\u00e8que des Universit\u00e9s"},"content":{"rendered":"<p><strong>La Conf\u00e9rence des recteurs des universit\u00e9s de Sil\u00e9sie (KRU\u015a) sera transform\u00e9e en Association des universit\u00e9s polono-tch\u00e8ques. La d\u00e9claration de fondation a \u00e9t\u00e9 sign\u00e9e lors de la r\u00e9union KRU\u015a \u00e0 l&rsquo;Universit\u00e9 Sil\u00e9sienne d&rsquo;Opava (R\u00e9publique Tch\u00e8que).<\/strong><\/p>\n<p>La signature de la d\u00e9claration fondatrice a \u00e9t\u00e9 l&rsquo;un des points les plus importants de l&rsquo;ordre du jour de la session. Les membres de la nouvelle association sont les universit\u00e9s coop\u00e9rant dans le cadre de KRU\u015a et l&rsquo;Universit\u00e9 technique de Liberec, l&rsquo;Universit\u00e9 Hradec Kr\u00e1lov\u00e9, l&rsquo;Universit\u00e9 Palack\u00fd \u00e0 Olomouc et l&rsquo;Universit\u00e9 Pardubice &#8211; informe l&rsquo;Universit\u00e9 de Katowice.<\/p>\n<p>Les recteurs ont \u00e9galement parl\u00e9 de la mise en \u0153uvre de la nouvelle loi sur l&rsquo;enseignement sup\u00e9rieur et la science dans les universit\u00e9s polonaises, des possibilit\u00e9s de d\u00e9velopper la coop\u00e9ration et la transformation transfrontali\u00e8res, ainsi que du projet d&rsquo;une universit\u00e9 transfrontali\u00e8re du troisi\u00e8me si\u00e8cle. L&rsquo;\u00e9v\u00e9nement d&rsquo;accompagnement \u00e9tait une conf\u00e9rence scientifique \u00e0 la Facult\u00e9 de Politique Publique de l&rsquo;Universit\u00e9 Sil\u00e9sienne d&rsquo;Opava. Le th\u00e8me de la r\u00e9union \u00e9tait l&rsquo;image de la Pologne et des Polonais dans les m\u00e9dias tch\u00e8ques.<\/p>\n","protected":false},"excerpt":{"rendered":"<p>La Conf\u00e9rence des recteurs des universit\u00e9s de Sil\u00e9sie (KRU\u015a) sera transform\u00e9e en Association des universit\u00e9s polono-tch\u00e8ques. La d\u00e9claration de fondation a \u00e9t\u00e9 sign\u00e9e lors de la r\u00e9union KRU\u015a \u00e0 l&rsquo;Universit\u00e9 Sil\u00e9sienne d&rsquo;Opava (R\u00e9publique Tch\u00e8que). La signature de la d\u00e9claration fondatrice a \u00e9t\u00e9 l&rsquo;un des points les plus importants de l&rsquo;ordre du jour de la session. [&hellip;]<\/p>\n","protected":false},"author":11,"featured_media":0,"comment_status":"closed","ping_status":"closed","sticky":false,"template":"","format":"standard","meta":[],"categories":[35],"tags":[],"_links":{"self":[{"href":"https:\/\/www.polishscience.pl\/fr\/wp-json\/wp\/v2\/posts\/101837"}],"collection":[{"href":"https:\/\/www.polishscience.pl\/fr\/wp-json\/wp\/v2\/posts"}],"about":[{"href":"https:\/\/www.polishscience.pl\/fr\/wp-json\/wp\/v2\/types\/post"}],"author":[{"embeddable":true,"href":"https:\/\/www.polishscience.pl\/fr\/wp-json\/wp\/v2\/users\/11"}],"replies":[{"embeddable":true,"href":"https:\/\/www.polishscience.pl\/fr\/wp-json\/wp\/v2\/comments?post=101837"}],"version-history":[{"count":0,"href":"https:\/\/www.polishscience.pl\/fr\/wp-json\/wp\/v2\/posts\/101837\/revisions"}],"wp:attachment":[{"href":"https:\/\/www.polishscience.pl\/fr\/wp-json\/wp\/v2\/media?parent=101837"}],"wp:term":[{"taxonomy":"category","embeddable":true,"href":"https:\/\/www.polishscience.pl\/fr\/wp-json\/wp\/v2\/categories?post=101837"},{"taxonomy":"post_tag","embeddable":true,"href":"https:\/\/www.polishscience.pl\/fr\/wp-json\/wp\/v2\/tags?post=101837"}],"curies":[{"name":"wp","href":"https:\/\/api.w.org\/{rel}","templated":true}]}}