{"id":101833,"date":"2019-11-14T14:31:07","date_gmt":"2019-11-14T13:31:07","guid":{"rendered":"http:\/\/polishscience.pl\/?p=101833"},"modified":"2019-11-14T14:31:07","modified_gmt":"2019-11-14T13:31:07","slug":"la-propagande-comme-outil-de-guerre","status":"publish","type":"post","link":"https:\/\/www.polishscience.pl\/fr\/la-propagande-comme-outil-de-guerre\/","title":{"rendered":"La propagande comme outil de guerre\u00a0"},"content":{"rendered":"<p><strong>Le Centre de recherche sur le terrorisme du Collegium Civitas, l&rsquo;Institut d&rsquo;analyse de l&rsquo;information du Collegium Civitas et la Maison de l&rsquo;histoire invitent \u00e0 la premi\u00e8re rencontre de la s\u00e9rie \u00ab\u00a0La propagande &#8211; la d\u00e9sinformation &#8211; la manipulation : L&rsquo;histoire et la contemporalit\u00e9\u00a0\u00bb intitul\u00e9e \u00ab\u00a0La propagande comme outil de guerre\u00a0\u00bb.<\/strong><\/p>\n<p>L&rsquo;\u00e9v\u00e9nement aura lieu le 21 novembre 2019 au si\u00e8ge de la Maison de l&rsquo;Histoire \u00e0 Varsovie.<\/p>\n<p>La rencontre se concentrera sur l&rsquo;utilisation d&rsquo;outils informationnels, psychomanipulatifs, de propagande et socio-techniques dans les conflits arm\u00e9s classiques et dans les conflits contemporains \u00a0\u00bb sous le seuil de la guerre \u00ab\u00a0.<\/p>\n<p>Anna Wojtacha, correspondante de guerre, le professeur Daniel Bo\u0107kowski, historien, sp\u00e9cialiste de la s\u00e9curit\u00e9, le g\u00e9n\u00e9ral de brigade Marek Dukaczewski, ancien chef des services d&rsquo;information militaire et Jerzy Smoli\u0144ski, ancien porte-parole du ministre de la D\u00e9fense nationale et conseiller du pr\u00e9sident de la R\u00e9publique de Pologne, participeront \u00e0 cette rencontre.<\/p>\n","protected":false},"excerpt":{"rendered":"<p>Le Centre de recherche sur le terrorisme du Collegium Civitas, l&rsquo;Institut d&rsquo;analyse de l&rsquo;information du Collegium Civitas et la Maison de l&rsquo;histoire invitent \u00e0 la premi\u00e8re rencontre de la s\u00e9rie \u00ab\u00a0La propagande &#8211; la d\u00e9sinformation &#8211; la manipulation : L&rsquo;histoire et la contemporalit\u00e9\u00a0\u00bb intitul\u00e9e \u00ab\u00a0La propagande comme outil de guerre\u00a0\u00bb. L&rsquo;\u00e9v\u00e9nement aura lieu le 21 [&hellip;]<\/p>\n","protected":false},"author":11,"featured_media":0,"comment_status":"closed","ping_status":"closed","sticky":false,"template":"","format":"standard","meta":[],"categories":[41],"tags":[],"_links":{"self":[{"href":"https:\/\/www.polishscience.pl\/fr\/wp-json\/wp\/v2\/posts\/101833"}],"collection":[{"href":"https:\/\/www.polishscience.pl\/fr\/wp-json\/wp\/v2\/posts"}],"about":[{"href":"https:\/\/www.polishscience.pl\/fr\/wp-json\/wp\/v2\/types\/post"}],"author":[{"embeddable":true,"href":"https:\/\/www.polishscience.pl\/fr\/wp-json\/wp\/v2\/users\/11"}],"replies":[{"embeddable":true,"href":"https:\/\/www.polishscience.pl\/fr\/wp-json\/wp\/v2\/comments?post=101833"}],"version-history":[{"count":0,"href":"https:\/\/www.polishscience.pl\/fr\/wp-json\/wp\/v2\/posts\/101833\/revisions"}],"wp:attachment":[{"href":"https:\/\/www.polishscience.pl\/fr\/wp-json\/wp\/v2\/media?parent=101833"}],"wp:term":[{"taxonomy":"category","embeddable":true,"href":"https:\/\/www.polishscience.pl\/fr\/wp-json\/wp\/v2\/categories?post=101833"},{"taxonomy":"post_tag","embeddable":true,"href":"https:\/\/www.polishscience.pl\/fr\/wp-json\/wp\/v2\/tags?post=101833"}],"curies":[{"name":"wp","href":"https:\/\/api.w.org\/{rel}","templated":true}]}}