{"id":101750,"date":"2019-11-13T15:00:15","date_gmt":"2019-11-13T14:00:15","guid":{"rendered":"http:\/\/polishscience.pl\/?p=101750"},"modified":"2019-11-13T15:52:42","modified_gmt":"2019-11-13T14:52:42","slug":"une-conference-sur-le-role-des-larmes-dans-la-litterature-a-luniversite-jan-dlugosz-a-czestochowa","status":"publish","type":"post","link":"https:\/\/www.polishscience.pl\/fr\/une-conference-sur-le-role-des-larmes-dans-la-litterature-a-luniversite-jan-dlugosz-a-czestochowa\/","title":{"rendered":"Une conf\u00e9rence sur le r\u00f4le des larmes dans la litt\u00e9rature \u00e0 l&rsquo;Universit\u00e9 Jan D\u0142ugosz \u00e0 Cz\u0119stochowa"},"content":{"rendered":"<p><strong>L&rsquo;Institut d&rsquo;\u00e9tudes litt\u00e9raires de l&rsquo;Universit\u00e9 Jan D\u0142ugosz \u00e0 Cz\u0119stochowa invite \u00e0 participer \u00e0 la conf\u00e9rence scientifique nationale \u00ab\u00a0Les larmes dans la litt\u00e9rature. Transfert &#8211; Accueil &#8211; Traduction (la litt\u00e9rature polonaise, autrichienne, allemande et suisse)\u00a0\u00bb.<\/strong><\/p>\n<p>L&rsquo;objectif de la rencontre est de diagnostiquer les diff\u00e9rences et les similitudes dans les formes de transfert, de traduction et de r\u00e9ception des images litt\u00e9raires des pleurs et des larmes (prose, po\u00e9sie, th\u00e9\u00e2tre, essai, litt\u00e9rature enfantine, litt\u00e9rature populaire) qui existent dans la litt\u00e9rature contemporaine allemande et polonaise (XX et XXIe si\u00e8cles) en circulation culturelle polonaise, allemande, autrichienne et suisse.<\/p>\n<p>Les organisateurs veulent examiner les ph\u00e9nom\u00e8nes \u00e9tudi\u00e9s dans le contexte des conditions sociales, historiques et cognitives. Ils adoptent une perspective multidimensionnelle sur les ph\u00e9nom\u00e8nes litt\u00e9raires, \u00e0 partir de la nature interdisciplinaire de la science litt\u00e9raire et de la recherche comparative. Les langues de la conf\u00e9rence sont le polonais et l&rsquo;allemand &#8211; \u00e0 lire sur le site web de l&rsquo;universit\u00e9.<\/p>\n<p>Pour en savoir plus : <a href=\"http:\/\/www.ujd.edu.pl\/news\/view\/instytut-literaturoznawstwa-zaprasza-do-udziau-w-konferencji-zy-w-literaturze\">http:\/\/www.ujd.edu.pl\/news\/view\/instytut-literaturoznawstwa-zaprasza-do-udziau-w-konferencji-zy-w-literaturze<\/a><\/p>\n","protected":false},"excerpt":{"rendered":"<p>L&rsquo;Institut d&rsquo;\u00e9tudes litt\u00e9raires de l&rsquo;Universit\u00e9 Jan D\u0142ugosz \u00e0 Cz\u0119stochowa invite \u00e0 participer \u00e0 la conf\u00e9rence scientifique nationale \u00ab\u00a0Les larmes dans la litt\u00e9rature. Transfert &#8211; Accueil &#8211; Traduction (la litt\u00e9rature polonaise, autrichienne, allemande et suisse)\u00a0\u00bb. L&rsquo;objectif de la rencontre est de diagnostiquer les diff\u00e9rences et les similitudes dans les formes de transfert, de traduction et de [&hellip;]<\/p>\n","protected":false},"author":11,"featured_media":0,"comment_status":"closed","ping_status":"closed","sticky":false,"template":"","format":"standard","meta":[],"categories":[41,37],"tags":[],"_links":{"self":[{"href":"https:\/\/www.polishscience.pl\/fr\/wp-json\/wp\/v2\/posts\/101750"}],"collection":[{"href":"https:\/\/www.polishscience.pl\/fr\/wp-json\/wp\/v2\/posts"}],"about":[{"href":"https:\/\/www.polishscience.pl\/fr\/wp-json\/wp\/v2\/types\/post"}],"author":[{"embeddable":true,"href":"https:\/\/www.polishscience.pl\/fr\/wp-json\/wp\/v2\/users\/11"}],"replies":[{"embeddable":true,"href":"https:\/\/www.polishscience.pl\/fr\/wp-json\/wp\/v2\/comments?post=101750"}],"version-history":[{"count":0,"href":"https:\/\/www.polishscience.pl\/fr\/wp-json\/wp\/v2\/posts\/101750\/revisions"}],"wp:attachment":[{"href":"https:\/\/www.polishscience.pl\/fr\/wp-json\/wp\/v2\/media?parent=101750"}],"wp:term":[{"taxonomy":"category","embeddable":true,"href":"https:\/\/www.polishscience.pl\/fr\/wp-json\/wp\/v2\/categories?post=101750"},{"taxonomy":"post_tag","embeddable":true,"href":"https:\/\/www.polishscience.pl\/fr\/wp-json\/wp\/v2\/tags?post=101750"}],"curies":[{"name":"wp","href":"https:\/\/api.w.org\/{rel}","templated":true}]}}