{"id":101531,"date":"2019-11-12T16:02:48","date_gmt":"2019-11-12T15:02:48","guid":{"rendered":"http:\/\/polishscience.pl\/?p=101531"},"modified":"2019-11-12T16:03:48","modified_gmt":"2019-11-12T15:03:48","slug":"la-conference-intitulee-limage-des-soulevements-silesiens-et-le-plebiscite-dans-leducation-lhistoriographie-la-culture-et-lespace-public","status":"publish","type":"post","link":"https:\/\/www.polishscience.pl\/fr\/la-conference-intitulee-limage-des-soulevements-silesiens-et-le-plebiscite-dans-leducation-lhistoriographie-la-culture-et-lespace-public\/","title":{"rendered":"La conf\u00e9rence intitul\u00e9e \u00ab\u00a0L\u2019image des soul\u00e8vements sil\u00e9siens et le pl\u00e9biscite dans l&rsquo;\u00e9ducation, l&rsquo;historiographie, la culture et l&rsquo;espace public\u00a0\u00bb"},"content":{"rendered":"<p><strong>L&rsquo;Universit\u00e9 de Sil\u00e9sie de Katowice, l&rsquo;Archidioc\u00e8se de Katowice et le Mus\u00e9e des soul\u00e8vements sil\u00e9siens de \u015awi\u0119toch\u0142owice invitent \u00e0 la conf\u00e9rence \u00ab\u00a0L&rsquo;image des soul\u00e8vements sil\u00e9siens et le pl\u00e9biscite dans l&rsquo;\u00e9ducation, l&rsquo;historiographie, la culture et l&rsquo;espace public\u00a0\u00bb le 18 novembre. L&rsquo;\u00e9v\u00e9nement se tiendra sous le haut patronage du Pr\u00e9sident de la R\u00e9publique de Pologne Andrzej Duda.<\/strong><\/p>\n<p>Les participants \u00e0 la rencontre organis\u00e9e dans le cadre des c\u00e9l\u00e9brations du centenaire des soul\u00e8vements sil\u00e9siens se familiariseront avec l&rsquo;histoire de la Sil\u00e9sie en pr\u00e9sentant les personnalit\u00e9s les plus importantes li\u00e9es aux domaines de la politique, de l&rsquo;\u00e9ducation, de la culture, du sport, de l&rsquo;industrie et de la sph\u00e8re sacr\u00e9e, informe l&rsquo;universit\u00e9.<\/p>\n<p>La conf\u00e9rence fait partie du projet de l&rsquo;Universit\u00e9 de Sil\u00e9sie \u00ab\u00a0Le Panth\u00e9on de Haute Sil\u00e9sie \u2013 la recherche scientifique\u00a0\u00bb, mis en \u0153uvre dans le cadre du programme du ministre de la Science et de l&rsquo;enseignement sup\u00e9rieur \u00ab\u00a0Dialogue\u00a0\u00bb. Le but de l&rsquo;initiative est de cr\u00e9er une exposition multim\u00e9dia dans le sous-sol de la cath\u00e9drale du Christ Roi \u00e0 Katowice, gr\u00e2ce \u00e0 laquelle il sera possible de d\u00e9couvrir l&rsquo;histoire de la Haute Sil\u00e9sie.<\/p>\n","protected":false},"excerpt":{"rendered":"<p>L&rsquo;Universit\u00e9 de Sil\u00e9sie de Katowice, l&rsquo;Archidioc\u00e8se de Katowice et le Mus\u00e9e des soul\u00e8vements sil\u00e9siens de \u015awi\u0119toch\u0142owice invitent \u00e0 la conf\u00e9rence \u00ab\u00a0L&rsquo;image des soul\u00e8vements sil\u00e9siens et le pl\u00e9biscite dans l&rsquo;\u00e9ducation, l&rsquo;historiographie, la culture et l&rsquo;espace public\u00a0\u00bb le 18 novembre. L&rsquo;\u00e9v\u00e9nement se tiendra sous le haut patronage du Pr\u00e9sident de la R\u00e9publique de Pologne Andrzej Duda. Les [&hellip;]<\/p>\n","protected":false},"author":11,"featured_media":0,"comment_status":"closed","ping_status":"closed","sticky":false,"template":"","format":"standard","meta":[],"categories":[41],"tags":[],"_links":{"self":[{"href":"https:\/\/www.polishscience.pl\/fr\/wp-json\/wp\/v2\/posts\/101531"}],"collection":[{"href":"https:\/\/www.polishscience.pl\/fr\/wp-json\/wp\/v2\/posts"}],"about":[{"href":"https:\/\/www.polishscience.pl\/fr\/wp-json\/wp\/v2\/types\/post"}],"author":[{"embeddable":true,"href":"https:\/\/www.polishscience.pl\/fr\/wp-json\/wp\/v2\/users\/11"}],"replies":[{"embeddable":true,"href":"https:\/\/www.polishscience.pl\/fr\/wp-json\/wp\/v2\/comments?post=101531"}],"version-history":[{"count":0,"href":"https:\/\/www.polishscience.pl\/fr\/wp-json\/wp\/v2\/posts\/101531\/revisions"}],"wp:attachment":[{"href":"https:\/\/www.polishscience.pl\/fr\/wp-json\/wp\/v2\/media?parent=101531"}],"wp:term":[{"taxonomy":"category","embeddable":true,"href":"https:\/\/www.polishscience.pl\/fr\/wp-json\/wp\/v2\/categories?post=101531"},{"taxonomy":"post_tag","embeddable":true,"href":"https:\/\/www.polishscience.pl\/fr\/wp-json\/wp\/v2\/tags?post=101531"}],"curies":[{"name":"wp","href":"https:\/\/api.w.org\/{rel}","templated":true}]}}