{"id":101527,"date":"2019-11-12T16:02:16","date_gmt":"2019-11-12T15:02:16","guid":{"rendered":"http:\/\/polishscience.pl\/?p=101527"},"modified":"2019-11-12T16:02:16","modified_gmt":"2019-11-12T15:02:16","slug":"luniversite-cardinal-stefan-wyszynski-veut-creer-une-ecole-secondaire-de-mathematique-et-de-cybernetique","status":"publish","type":"post","link":"https:\/\/www.polishscience.pl\/fr\/luniversite-cardinal-stefan-wyszynski-veut-creer-une-ecole-secondaire-de-mathematique-et-de-cybernetique\/","title":{"rendered":"L\u2019Universit\u00e9 Cardinal Stefan Wyszy\u0144ski veut cr\u00e9er une \u00e9cole secondaire de math\u00e9matique et de cybern\u00e9tique"},"content":{"rendered":"<p><strong>L&rsquo;accord de coop\u00e9ration relatif \u00e0 la cr\u00e9ation d&rsquo;une entit\u00e9 d\u00e9veloppant les comp\u00e9tences num\u00e9riques a \u00e9t\u00e9 sign\u00e9 par le R\u00e9v\u00e9rend Stanislaw Dzieko\u0144ski, Recteur de l&rsquo;Universit\u00e9 Cardinal Stefan Wyszy\u0144ski (UKSW) \u00e0 Varsovie et le docteur Grzegorz Kaczor, Pr\u00e9sident de la Fondation scolaire.<\/strong><\/p>\n<p>L&rsquo;entreprise consiste \u00e0 d\u00e9signer une entit\u00e9 qui aura pour mission de cr\u00e9er un lyc\u00e9e g\u00e9n\u00e9ral au profil math\u00e9matico-cybern\u00e9tique, qui servira de base au d\u00e9veloppement des comp\u00e9tences num\u00e9riques et permettra aux jeunes de trouver leur place dans l&rsquo;avenir dans des m\u00e9tiers qui n&rsquo;existent pas encore \u00ab\u00a0, informe UKSW.<\/p>\n<p>L&rsquo;id\u00e9e de cr\u00e9er une \u00e9cole est n\u00e9e des d\u00e9fis auxquels la soci\u00e9t\u00e9 contemporaine est confront\u00e9e dans le cadre de la transformation num\u00e9rique de la civilisation \u2013 \u00e0 lire le communiqu\u00e9 sur le site de l\u2019Universit\u00e9. Au cours de leur formation, les \u00e9tudiants, soutenus par des praticiens et des universitaires, acquerront les connaissances n\u00e9cessaires \u00e0 l&rsquo;\u00e9conomie moderne.<\/p>\n","protected":false},"excerpt":{"rendered":"<p>L&rsquo;accord de coop\u00e9ration relatif \u00e0 la cr\u00e9ation d&rsquo;une entit\u00e9 d\u00e9veloppant les comp\u00e9tences num\u00e9riques a \u00e9t\u00e9 sign\u00e9 par le R\u00e9v\u00e9rend Stanislaw Dzieko\u0144ski, Recteur de l&rsquo;Universit\u00e9 Cardinal Stefan Wyszy\u0144ski (UKSW) \u00e0 Varsovie et le docteur Grzegorz Kaczor, Pr\u00e9sident de la Fondation scolaire. L&rsquo;entreprise consiste \u00e0 d\u00e9signer une entit\u00e9 qui aura pour mission de cr\u00e9er un lyc\u00e9e g\u00e9n\u00e9ral [&hellip;]<\/p>\n","protected":false},"author":11,"featured_media":0,"comment_status":"closed","ping_status":"closed","sticky":false,"template":"","format":"standard","meta":[],"categories":[35],"tags":[],"_links":{"self":[{"href":"https:\/\/www.polishscience.pl\/fr\/wp-json\/wp\/v2\/posts\/101527"}],"collection":[{"href":"https:\/\/www.polishscience.pl\/fr\/wp-json\/wp\/v2\/posts"}],"about":[{"href":"https:\/\/www.polishscience.pl\/fr\/wp-json\/wp\/v2\/types\/post"}],"author":[{"embeddable":true,"href":"https:\/\/www.polishscience.pl\/fr\/wp-json\/wp\/v2\/users\/11"}],"replies":[{"embeddable":true,"href":"https:\/\/www.polishscience.pl\/fr\/wp-json\/wp\/v2\/comments?post=101527"}],"version-history":[{"count":0,"href":"https:\/\/www.polishscience.pl\/fr\/wp-json\/wp\/v2\/posts\/101527\/revisions"}],"wp:attachment":[{"href":"https:\/\/www.polishscience.pl\/fr\/wp-json\/wp\/v2\/media?parent=101527"}],"wp:term":[{"taxonomy":"category","embeddable":true,"href":"https:\/\/www.polishscience.pl\/fr\/wp-json\/wp\/v2\/categories?post=101527"},{"taxonomy":"post_tag","embeddable":true,"href":"https:\/\/www.polishscience.pl\/fr\/wp-json\/wp\/v2\/tags?post=101527"}],"curies":[{"name":"wp","href":"https:\/\/api.w.org\/{rel}","templated":true}]}}