{"id":100195,"date":"2019-10-30T13:29:25","date_gmt":"2019-10-30T12:29:25","guid":{"rendered":"http:\/\/polishscience.pl\/?p=100195"},"modified":"2019-10-30T13:29:25","modified_gmt":"2019-10-30T12:29:25","slug":"lan-prochain-luniversite-de-warmia-et-mazury-formera-des-infirmieres-a-elk","status":"publish","type":"post","link":"https:\/\/www.polishscience.pl\/fr\/lan-prochain-luniversite-de-warmia-et-mazury-formera-des-infirmieres-a-elk\/","title":{"rendered":"L&rsquo;an prochain, l&rsquo;Universit\u00e9 de Warmia et Mazury formera des infirmi\u00e8res \u00e0 E\u0142k"},"content":{"rendered":"<p><strong>A partir de l&rsquo;ann\u00e9e acad\u00e9mique 2020\/21, la branche de l&rsquo;Universit\u00e9 de Varmie et Mazurie d\u2019Olsztyn (UWM) \u00e0 E\u0142k commencera la formation dans le domaine des sciences infirmi\u00e8res. Le professeur Ryszard G\u00f3recki, Recteur de l&rsquo;UWM et Tomasz Andrukiewicz, Pr\u00e9sident de E\u0142k, ont sign\u00e9 l&rsquo;accord sur cette question.<\/strong><\/p>\n<p>L&rsquo;UWM s&rsquo;engage \u00e0 lancer le domaine des soins infirmiers par des \u00e9tudes \u00e0 temps plein et \u00e0 temps partiel au niveau du baccalaur\u00e9at, \u00e0 le recruter et \u00e0 lui fournir le personnel enseignant appropri\u00e9.<\/p>\n<p>La Ville de E\u0142k s&rsquo;engage \u00e0 financer l&rsquo;\u00e9quipement du laboratoire de comp\u00e9tences infirmi\u00e8res, \u00e0 financer les bourses du Maire de la Ville pour les meilleurs \u00e9tudiants, \u00e0 mettre gratuitement la base hospitali\u00e8re de la Ville \u00e0 la disposition des \u00e9tudiants afin qu&rsquo;ils puissent y participer \u00e0 des stages et \u00e0 aider l&rsquo;UWM \u00e0 acqu\u00e9rir le personnel qualifi\u00e9 ad\u00e9quat.<br \/>\nL&rsquo;accord a \u00e9t\u00e9 conclu pour une dur\u00e9e ind\u00e9termin\u00e9e et son initiateur est le recteur de l&rsquo;UWM.<\/p>\n","protected":false},"excerpt":{"rendered":"<p>A partir de l&rsquo;ann\u00e9e acad\u00e9mique 2020\/21, la branche de l&rsquo;Universit\u00e9 de Varmie et Mazurie d\u2019Olsztyn (UWM) \u00e0 E\u0142k commencera la formation dans le domaine des sciences infirmi\u00e8res. Le professeur Ryszard G\u00f3recki, Recteur de l&rsquo;UWM et Tomasz Andrukiewicz, Pr\u00e9sident de E\u0142k, ont sign\u00e9 l&rsquo;accord sur cette question. L&rsquo;UWM s&rsquo;engage \u00e0 lancer le domaine des soins infirmiers [&hellip;]<\/p>\n","protected":false},"author":11,"featured_media":0,"comment_status":"closed","ping_status":"closed","sticky":false,"template":"","format":"standard","meta":[],"categories":[35],"tags":[],"_links":{"self":[{"href":"https:\/\/www.polishscience.pl\/fr\/wp-json\/wp\/v2\/posts\/100195"}],"collection":[{"href":"https:\/\/www.polishscience.pl\/fr\/wp-json\/wp\/v2\/posts"}],"about":[{"href":"https:\/\/www.polishscience.pl\/fr\/wp-json\/wp\/v2\/types\/post"}],"author":[{"embeddable":true,"href":"https:\/\/www.polishscience.pl\/fr\/wp-json\/wp\/v2\/users\/11"}],"replies":[{"embeddable":true,"href":"https:\/\/www.polishscience.pl\/fr\/wp-json\/wp\/v2\/comments?post=100195"}],"version-history":[{"count":0,"href":"https:\/\/www.polishscience.pl\/fr\/wp-json\/wp\/v2\/posts\/100195\/revisions"}],"wp:attachment":[{"href":"https:\/\/www.polishscience.pl\/fr\/wp-json\/wp\/v2\/media?parent=100195"}],"wp:term":[{"taxonomy":"category","embeddable":true,"href":"https:\/\/www.polishscience.pl\/fr\/wp-json\/wp\/v2\/categories?post=100195"},{"taxonomy":"post_tag","embeddable":true,"href":"https:\/\/www.polishscience.pl\/fr\/wp-json\/wp\/v2\/tags?post=100195"}],"curies":[{"name":"wp","href":"https:\/\/api.w.org\/{rel}","templated":true}]}}