{"id":100043,"date":"2019-10-29T11:53:08","date_gmt":"2019-10-29T10:53:08","guid":{"rendered":"http:\/\/polishscience.pl\/?p=100043"},"modified":"2019-10-29T11:53:08","modified_gmt":"2019-10-29T10:53:08","slug":"la-conference-intitulee-la-transformation-de-lenseignement-superieur-academique-en-pologne-au-cours-de-la-periode-de-30-ans-1989-2019","status":"publish","type":"post","link":"https:\/\/www.polishscience.pl\/fr\/la-conference-intitulee-la-transformation-de-lenseignement-superieur-academique-en-pologne-au-cours-de-la-periode-de-30-ans-1989-2019\/","title":{"rendered":"La conf\u00e9rence intitul\u00e9e \u00ab\u00a0la transformation de l&rsquo;enseignement sup\u00e9rieur acad\u00e9mique en Pologne au cours de la p\u00e9riode de 30 ans : 1989-2019\u00a0\u00bb"},"content":{"rendered":"<p><strong>Du 28 au 29 octobre 2019, la Polytechnique de Varsovie (PW) accueille une conf\u00e9rence scientifique \u00ab\u00a0la transformation de l&rsquo;enseignement sup\u00e9rieur acad\u00e9mique en Pologne au cours de la p\u00e9riode de 30 ans : 1989-2019\u00a0\u00bb, organis\u00e9e par la Conf\u00e9rence des recteurs des \u00e9coles universitaires en Pologne, en coop\u00e9ration avec la Polytechnique de Varsovie et avec le soutien de la Fondation du Recteur polonais.<\/strong><\/p>\n<p>L&rsquo;objectif de la conf\u00e9rence est d&rsquo;examiner et d&rsquo;\u00e9valuer les r\u00e9sultats du processus de transformation de l&rsquo;enseignement sup\u00e9rieur en Pologne au cours de la p\u00e9riode de transformation 1989-2019 dans le domaine des sciences politiques et administratives (les sciences des politiques publiques) et des sciences de la gestion et de la qualit\u00e9 (les sciences de gestion) dans une perspective syst\u00e9mique et institutionnelle.<\/p>\n<p>La conf\u00e9rence sera suivie d&rsquo;une analyse des activit\u00e9s des gouvernements et des universit\u00e9s \u00e0 l&rsquo;appui des r\u00e9formes de l&rsquo;enseignement sup\u00e9rieur pendant la p\u00e9riode de transformation politique, afin d&rsquo;utiliser ses r\u00e9sultats dans les travaux sur un document gouvernemental concernant la politique scientifique de l&rsquo;Etat.<\/p>\n","protected":false},"excerpt":{"rendered":"<p>Du 28 au 29 octobre 2019, la Polytechnique de Varsovie (PW) accueille une conf\u00e9rence scientifique \u00ab\u00a0la transformation de l&rsquo;enseignement sup\u00e9rieur acad\u00e9mique en Pologne au cours de la p\u00e9riode de 30 ans : 1989-2019\u00a0\u00bb, organis\u00e9e par la Conf\u00e9rence des recteurs des \u00e9coles universitaires en Pologne, en coop\u00e9ration avec la Polytechnique de Varsovie et avec le soutien [&hellip;]<\/p>\n","protected":false},"author":11,"featured_media":0,"comment_status":"closed","ping_status":"closed","sticky":false,"template":"","format":"standard","meta":[],"categories":[35],"tags":[],"_links":{"self":[{"href":"https:\/\/www.polishscience.pl\/fr\/wp-json\/wp\/v2\/posts\/100043"}],"collection":[{"href":"https:\/\/www.polishscience.pl\/fr\/wp-json\/wp\/v2\/posts"}],"about":[{"href":"https:\/\/www.polishscience.pl\/fr\/wp-json\/wp\/v2\/types\/post"}],"author":[{"embeddable":true,"href":"https:\/\/www.polishscience.pl\/fr\/wp-json\/wp\/v2\/users\/11"}],"replies":[{"embeddable":true,"href":"https:\/\/www.polishscience.pl\/fr\/wp-json\/wp\/v2\/comments?post=100043"}],"version-history":[{"count":0,"href":"https:\/\/www.polishscience.pl\/fr\/wp-json\/wp\/v2\/posts\/100043\/revisions"}],"wp:attachment":[{"href":"https:\/\/www.polishscience.pl\/fr\/wp-json\/wp\/v2\/media?parent=100043"}],"wp:term":[{"taxonomy":"category","embeddable":true,"href":"https:\/\/www.polishscience.pl\/fr\/wp-json\/wp\/v2\/categories?post=100043"},{"taxonomy":"post_tag","embeddable":true,"href":"https:\/\/www.polishscience.pl\/fr\/wp-json\/wp\/v2\/tags?post=100043"}],"curies":[{"name":"wp","href":"https:\/\/api.w.org\/{rel}","templated":true}]}}