{"id":266839,"date":"2023-02-15T23:35:54","date_gmt":"2023-02-15T22:35:54","guid":{"rendered":"https:\/\/polishscience.pl\/?p=266839"},"modified":"2023-02-15T23:35:54","modified_gmt":"2023-02-15T22:35:54","slug":"normas-de-formacion-simposio-cientifico-y-de-formacion","status":"publish","type":"post","link":"https:\/\/www.polishscience.pl\/es\/normas-de-formacion-simposio-cientifico-y-de-formacion\/","title":{"rendered":"Normas de Formaci\u00f3n &#8211; simposio cient\u00edfico y de formaci\u00f3n"},"content":{"rendered":"<p class=\"western\" lang=\"zxx\"><span style=\"font-family: Times New Roman, serif;\"><span style=\"font-size: medium;\"><b>El Equipo para la Calidad de la Formaci\u00f3n Docente de la Conferencia de Rectores de Escuelas Acad\u00e9micas de Polonia, junto con la Conferencia de Rectores de Universidades Pedag\u00f3gicas, invita al simposio cient\u00edfico y formativo tem\u00e1tico relacionado con la implementaci\u00f3n del est\u00e1ndar educativo de preparaci\u00f3n para la <\/b><b>docente<\/b><b> de educaci\u00f3n infantil y preescolar.<\/b><\/span><\/span><\/p>\n<p class=\"western\" lang=\"zxx\"><span style=\"font-family: Times New Roman, serif;\"><span style=\"font-size: medium;\">El simposio, que tendr\u00e1 lugar el 10 de marzo de 2023 en la Academia de Educaci\u00f3n Especial Maria Grzegorzewska en Varsovia, tiene como objetivo intercambiar experiencias relacionadas con la implementaci\u00f3n actual del Est\u00e1ndar de Formaci\u00f3n Docente, incluida la formaci\u00f3n de posgrado.<\/span><\/span><\/p>\n<p class=\"western\" lang=\"zxx\"><span style=\"font-family: Times New Roman, serif;\"><span style=\"font-size: medium;\">Durante el Simposio, est\u00e1 previsto un debate sobre los posibles cambios en la Norma, incluido el proyecto de reglamento sobre las cualificaciones detalladas que se exigen a los docentes. <\/span><\/span><\/p>\n","protected":false},"excerpt":{"rendered":"<p>El Equipo para la Calidad de la Formaci\u00f3n Docente de la Conferencia de Rectores de Escuelas Acad\u00e9micas de Polonia, junto con la Conferencia de Rectores de Universidades Pedag\u00f3gicas, invita al simposio cient\u00edfico y formativo tem\u00e1tico relacionado con la implementaci\u00f3n del est\u00e1ndar educativo de preparaci\u00f3n para la docente de educaci\u00f3n infantil y preescolar. El simposio, que [&hellip;]<\/p>\n","protected":false},"author":6,"featured_media":266644,"comment_status":"closed","ping_status":"closed","sticky":false,"template":"","format":"standard","meta":[],"categories":[81],"tags":[],"_links":{"self":[{"href":"https:\/\/www.polishscience.pl\/es\/wp-json\/wp\/v2\/posts\/266839"}],"collection":[{"href":"https:\/\/www.polishscience.pl\/es\/wp-json\/wp\/v2\/posts"}],"about":[{"href":"https:\/\/www.polishscience.pl\/es\/wp-json\/wp\/v2\/types\/post"}],"author":[{"embeddable":true,"href":"https:\/\/www.polishscience.pl\/es\/wp-json\/wp\/v2\/users\/6"}],"replies":[{"embeddable":true,"href":"https:\/\/www.polishscience.pl\/es\/wp-json\/wp\/v2\/comments?post=266839"}],"version-history":[{"count":1,"href":"https:\/\/www.polishscience.pl\/es\/wp-json\/wp\/v2\/posts\/266839\/revisions"}],"predecessor-version":[{"id":266850,"href":"https:\/\/www.polishscience.pl\/es\/wp-json\/wp\/v2\/posts\/266839\/revisions\/266850"}],"wp:featuredmedia":[{"embeddable":true,"href":"https:\/\/www.polishscience.pl\/es\/wp-json\/wp\/v2\/media\/266644"}],"wp:attachment":[{"href":"https:\/\/www.polishscience.pl\/es\/wp-json\/wp\/v2\/media?parent=266839"}],"wp:term":[{"taxonomy":"category","embeddable":true,"href":"https:\/\/www.polishscience.pl\/es\/wp-json\/wp\/v2\/categories?post=266839"},{"taxonomy":"post_tag","embeddable":true,"href":"https:\/\/www.polishscience.pl\/es\/wp-json\/wp\/v2\/tags?post=266839"}],"curies":[{"name":"wp","href":"https:\/\/api.w.org\/{rel}","templated":true}]}}