{"id":265999,"date":"2023-02-10T18:07:14","date_gmt":"2023-02-10T17:07:14","guid":{"rendered":"https:\/\/polishscience.pl\/?p=265999"},"modified":"2023-02-10T18:07:14","modified_gmt":"2023-02-10T17:07:14","slug":"conferencia-cientifica-internacional-urban-post-covid-recovery-experiences-challenges-and-future-pathways","status":"publish","type":"post","link":"https:\/\/www.polishscience.pl\/es\/conferencia-cientifica-internacional-urban-post-covid-recovery-experiences-challenges-and-future-pathways\/","title":{"rendered":"Conferencia cient\u00edfica internacional \u00abUrban Post-COVID Recovery \u2013 Experiences, Challenges and Future Pathways\u00bb"},"content":{"rendered":"<p class=\"western\"><span style=\"font-family: Times New Roman, serif;\"><span style=\"font-size: medium;\"><span lang=\"zxx\"><b>El Instituto de Ciencias Pol\u00edticas de la Universidad de Wroc\u0142aw invita a la conferencia cient\u00edfica internacional \u00abUrban Post-COVID Recovery \u2013 Experiences, Challenges and Future Pathways\u00bb, que se realizar\u00e1 del 26 al 27 de abril. El evento cuenta con apoyo de la Secci\u00f3n de Administraci\u00f3n y Pol\u00edtica de la Sociedad Polaca de Ciencias Pol\u00edticas, informa la Universidad.<\/b><\/span><\/span><\/span><\/p>\n<p class=\"western\"><span style=\"font-family: Times New Roman, serif;\"><span style=\"font-size: medium;\"><span lang=\"zxx\">El objetivo de la conferencia es presentar los resultados de la investigaci\u00f3n cient\u00edfica e intercambiar experiencias y opiniones sobre el funcionamiento de las unidades de gobierno local en Europa en las condiciones de la crisis pand\u00e9mica y pospand\u00e9mica.<\/span><\/span><\/span><\/p>\n<p class=\"western\"><span style=\"font-family: Times New Roman, serif;\"><span style=\"font-size: medium;\"><span lang=\"zxx\">Los participantes del evento intentar\u00e1n evaluar el potencial predictivo y de respuesta de la administraci\u00f3n del gobierno local, que realiza tareas p\u00fablicas en un entorno turbulento, no solo pol\u00edtico, sino tambi\u00e9n econ\u00f3mico y social.<\/span><\/span><\/span><\/p>\n<p class=\"western\"><span style=\"font-family: Times New Roman, serif;\"><span style=\"font-size: medium;\"><span lang=\"zxx\">La conferencia se organiza como parte del proyecto de investigaci\u00f3n internacional \u00abUrban Post-COVID Recovery in the V4 Countries\u00bb implementado con el apoyo de International Visegrad Fund (Strategic Grant).<\/span><\/span><\/span><\/p>\n<p class=\"western\"><span style=\"font-family: Times New Roman, serif;\"><span style=\"font-size: medium;\"><span lang=\"zxx\">M\u00e1s: <\/span><\/span><\/span><span style=\"color: #0000ff;\"><u><a href=\"https:\/\/uwr.edu.pl\/wydarzenia\/miedzynarodowa-konferencja-samorzady-podczas-i-po-pandemii\/\"><span style=\"font-family: Times New Roman, serif;\"><span style=\"font-size: medium;\"><span lang=\"zxx\">https:\/\/uwr.edu.pl\/wydarzenia\/miedzynarodowa-konferencja-samorzady-podczas-i-po-pandemii\/<\/span><\/span><\/span><\/a><\/u><\/span><\/p>\n<p class=\"western\" lang=\"zxx\">\n<p class=\"western\" lang=\"zxx\">\n","protected":false},"excerpt":{"rendered":"<p>El Instituto de Ciencias Pol\u00edticas de la Universidad de Wroc\u0142aw invita a la conferencia cient\u00edfica internacional \u00abUrban Post-COVID Recovery \u2013 Experiences, Challenges and Future Pathways\u00bb, que se realizar\u00e1 del 26 al 27 de abril. El evento cuenta con apoyo de la Secci\u00f3n de Administraci\u00f3n y Pol\u00edtica de la Sociedad Polaca de Ciencias Pol\u00edticas, informa la [&hellip;]<\/p>\n","protected":false},"author":6,"featured_media":265860,"comment_status":"closed","ping_status":"closed","sticky":false,"template":"","format":"standard","meta":[],"categories":[81],"tags":[],"_links":{"self":[{"href":"https:\/\/www.polishscience.pl\/es\/wp-json\/wp\/v2\/posts\/265999"}],"collection":[{"href":"https:\/\/www.polishscience.pl\/es\/wp-json\/wp\/v2\/posts"}],"about":[{"href":"https:\/\/www.polishscience.pl\/es\/wp-json\/wp\/v2\/types\/post"}],"author":[{"embeddable":true,"href":"https:\/\/www.polishscience.pl\/es\/wp-json\/wp\/v2\/users\/6"}],"replies":[{"embeddable":true,"href":"https:\/\/www.polishscience.pl\/es\/wp-json\/wp\/v2\/comments?post=265999"}],"version-history":[{"count":1,"href":"https:\/\/www.polishscience.pl\/es\/wp-json\/wp\/v2\/posts\/265999\/revisions"}],"predecessor-version":[{"id":266011,"href":"https:\/\/www.polishscience.pl\/es\/wp-json\/wp\/v2\/posts\/265999\/revisions\/266011"}],"wp:featuredmedia":[{"embeddable":true,"href":"https:\/\/www.polishscience.pl\/es\/wp-json\/wp\/v2\/media\/265860"}],"wp:attachment":[{"href":"https:\/\/www.polishscience.pl\/es\/wp-json\/wp\/v2\/media?parent=265999"}],"wp:term":[{"taxonomy":"category","embeddable":true,"href":"https:\/\/www.polishscience.pl\/es\/wp-json\/wp\/v2\/categories?post=265999"},{"taxonomy":"post_tag","embeddable":true,"href":"https:\/\/www.polishscience.pl\/es\/wp-json\/wp\/v2\/tags?post=265999"}],"curies":[{"name":"wp","href":"https:\/\/api.w.org\/{rel}","templated":true}]}}