{"id":265465,"date":"2023-02-08T18:10:37","date_gmt":"2023-02-08T17:10:37","guid":{"rendered":"https:\/\/polishscience.pl\/?p=265465"},"modified":"2023-02-08T18:10:37","modified_gmt":"2023-02-08T17:10:37","slug":"xxxi-conferencia-de-la-asociacion-de-profesores-de-matematicas-manufactura-de-matematicas","status":"publish","type":"post","link":"https:\/\/www.polishscience.pl\/es\/xxxi-conferencia-de-la-asociacion-de-profesores-de-matematicas-manufactura-de-matematicas\/","title":{"rendered":"XXXI Conferencia de la Asociaci\u00f3n de Profesores de Matem\u00e1ticas \u2013 Manufactura de Matem\u00e1ticas"},"content":{"rendered":"<p class=\"western\" lang=\"zxx\"><span style=\"font-family: Times New Roman, serif;\"><span style=\"font-size: medium;\"><b>Del 10 al 13 de febrero, la Universidad Tecnol\u00f3gica de L\u00f3d\u017a (P\u0141) albergar\u00e1 la 31.\u00aa Conferencia de la Asociaci\u00f3n de Profesores de Matem\u00e1ticas \u2013 Manifactura de Matem\u00e1ticas, durante la cual los matem\u00e1ticos de toda Polonia debatir\u00e1n sobre educaci\u00f3n, intercambiar\u00e1n puntos de vista sobre m\u00e9todos de ense\u00f1anza y compartir\u00e1n buenas pr\u00e1cticas en educaci\u00f3n.<\/b><\/span><\/span><\/p>\n<p class=\"western\" lang=\"zxx\"><span style=\"font-family: Times New Roman, serif;\"><span style=\"font-size: medium;\">El evento se inaugurar\u00e1 el viernes 10 de febrero en la Sala Alchemium de la Universidad Tecnol\u00f3gica de \u0141\u00f3d\u017a, con la ponencia \u00abMatem\u00e1ticas, inteligencia artificial y cerebros\u00bb a cargo del Prof. Wodzis\u0142aw Duch de la Universidad Nicol\u00e1s Cop\u00e9rnico de Toru\u0144.<\/span><\/span><\/p>\n<p class=\"western\" lang=\"zxx\"><span style=\"font-family: Times New Roman, serif;\"><span style=\"font-size: medium;\">Durante la conferencia, los organizadores planean iniciar una discusi\u00f3n sobre educaci\u00f3n en el campo de las matem\u00e1ticas.<\/span><\/span><\/p>\n<p class=\"western\" lang=\"zxx\"><span style=\"font-family: Times New Roman, serif;\"><span style=\"font-size: medium;\">\u00abNos gustar\u00eda proporcionar a los profesores informaci\u00f3n sobre lo que creemos que no se incluye en las clases de matem\u00e1ticas y qu\u00e9 competencias esperamos de los alumnos. Y al rev\u00e9s, nos gustar\u00eda que nuestros docentes supieran qu\u00e9 est\u00e1 pasando en el \u00e1rea de matem\u00e1ticas en las primeras etapas de la educaci\u00f3n, porque a veces me parece que hay grandes discrepancias\u00bb, dice la Dra. Ing. Ewa Korzeniewska, vicedecana de Asuntos Estudiantiles de la P\u0141.<\/span><\/span><\/p>\n<p class=\"western\" lang=\"zxx\">\n<p class=\"western\" lang=\"zxx\">\n<p class=\"western\" lang=\"zxx\">\n","protected":false},"excerpt":{"rendered":"<p>Del 10 al 13 de febrero, la Universidad Tecnol\u00f3gica de L\u00f3d\u017a (P\u0141) albergar\u00e1 la 31.\u00aa Conferencia de la Asociaci\u00f3n de Profesores de Matem\u00e1ticas \u2013 Manifactura de Matem\u00e1ticas, durante la cual los matem\u00e1ticos de toda Polonia debatir\u00e1n sobre educaci\u00f3n, intercambiar\u00e1n puntos de vista sobre m\u00e9todos de ense\u00f1anza y compartir\u00e1n buenas pr\u00e1cticas en educaci\u00f3n. El evento se [&hellip;]<\/p>\n","protected":false},"author":6,"featured_media":265225,"comment_status":"closed","ping_status":"closed","sticky":false,"template":"","format":"standard","meta":[],"categories":[81],"tags":[],"_links":{"self":[{"href":"https:\/\/www.polishscience.pl\/es\/wp-json\/wp\/v2\/posts\/265465"}],"collection":[{"href":"https:\/\/www.polishscience.pl\/es\/wp-json\/wp\/v2\/posts"}],"about":[{"href":"https:\/\/www.polishscience.pl\/es\/wp-json\/wp\/v2\/types\/post"}],"author":[{"embeddable":true,"href":"https:\/\/www.polishscience.pl\/es\/wp-json\/wp\/v2\/users\/6"}],"replies":[{"embeddable":true,"href":"https:\/\/www.polishscience.pl\/es\/wp-json\/wp\/v2\/comments?post=265465"}],"version-history":[{"count":1,"href":"https:\/\/www.polishscience.pl\/es\/wp-json\/wp\/v2\/posts\/265465\/revisions"}],"predecessor-version":[{"id":265475,"href":"https:\/\/www.polishscience.pl\/es\/wp-json\/wp\/v2\/posts\/265465\/revisions\/265475"}],"wp:featuredmedia":[{"embeddable":true,"href":"https:\/\/www.polishscience.pl\/es\/wp-json\/wp\/v2\/media\/265225"}],"wp:attachment":[{"href":"https:\/\/www.polishscience.pl\/es\/wp-json\/wp\/v2\/media?parent=265465"}],"wp:term":[{"taxonomy":"category","embeddable":true,"href":"https:\/\/www.polishscience.pl\/es\/wp-json\/wp\/v2\/categories?post=265465"},{"taxonomy":"post_tag","embeddable":true,"href":"https:\/\/www.polishscience.pl\/es\/wp-json\/wp\/v2\/tags?post=265465"}],"curies":[{"name":"wp","href":"https:\/\/api.w.org\/{rel}","templated":true}]}}