{"id":264899,"date":"2023-02-06T18:08:42","date_gmt":"2023-02-06T17:08:42","guid":{"rendered":"https:\/\/polishscience.pl\/?p=264899"},"modified":"2023-02-06T18:08:42","modified_gmt":"2023-02-06T17:08:42","slug":"la-edicion-de-este-ano-del-festival-de-ciencia-y-arte-de-poznan-durara-6-dias","status":"publish","type":"post","link":"https:\/\/www.polishscience.pl\/es\/la-edicion-de-este-ano-del-festival-de-ciencia-y-arte-de-poznan-durara-6-dias\/","title":{"rendered":"La edici\u00f3n de este a\u00f1o del Festival de Ciencia y Arte de Pozna\u0144 durar\u00e1 6 d\u00edas"},"content":{"rendered":"<p class=\"western\" lang=\"zxx\"><span style=\"font-family: Times New Roman, serif;\"><span style=\"font-size: medium;\"><b>La edici\u00f3n de este a\u00f1o del Festival de Ciencia y Arte de Pozna\u0144 durar\u00e1 6 d\u00edas <\/b><b>y constar<\/b><b>\u00e1 <\/b><b>de <\/b><b>m\u00e1s de 450 eventos, principalmente estacionarios. El festival comenzar\u00e1 el 15 de mayo con una ceremonia en la sede de la sucursal de la Academia <\/b><b>Polaca <\/b><b>de Ciencias <\/b><b>en Pozna\u0144<\/b><b>.<\/b><\/span><\/span><\/p>\n<p class=\"western\" lang=\"zxx\"><span style=\"font-family: Times New Roman, serif;\"><span style=\"font-size: medium;\"><b>\u00abLa esencia del aprendizaje y el descubrimiento de la ciencia y el arte es la experiencia y el experimentar directos y personales. Queremos que los eventos que propone el Festival sean un impulso para sacar por un momento la cabeza de los gruesos libros de texto y buscar la ciencia fuera, en su entorno natural, <\/b><b>informan la Universidad<\/b><b> Adam Mickiewicz.<\/b><\/span><\/span><\/p>\n<p class=\"western\" lang=\"zxx\"><span style=\"font-family: Times New Roman, serif;\"><span style=\"font-size: medium;\">Los organizadores prometen que los talleres, presentaciones, experimentos, viajes, juegos, debates y muchas otras formas de intercambio de conocimientos del festival se convertir\u00e1n en un complemento tem\u00e1tico interesante para las clases y brindar\u00e1n la oportunidad de tocar, casi tangiblemente, la ciencia viva. La culminaci\u00f3n del evento ser\u00e1 el concierto final en el auditorio de la Academia de M\u00fasica de Pozna\u0144.<\/span><\/span><\/p>\n<p class=\"western\" lang=\"zxx\"><span style=\"font-family: Times New Roman, serif;\"><span style=\"font-size: medium;\"><br \/>\nM\u00e1s: <span style=\"color: #0000ff;\"><u><a href=\"https:\/\/amu.edu.pl\/wiadomosci\/aktualnosci\/szkoly\/poznanski-festiwal-nauki-i-sztuki\"><span style=\"color: #0563c1;\">https:\/\/amu.edu.pl\/wiadomosci\/aktualnosci\/szkoly\/poznanski-festiwal-nauki-i-sztuki<\/span><\/a><\/u><\/span><\/span><\/span><\/p>\n","protected":false},"excerpt":{"rendered":"<p>La edici\u00f3n de este a\u00f1o del Festival de Ciencia y Arte de Pozna\u0144 durar\u00e1 6 d\u00edas y constar\u00e1 de m\u00e1s de 450 eventos, principalmente estacionarios. El festival comenzar\u00e1 el 15 de mayo con una ceremonia en la sede de la sucursal de la Academia Polaca de Ciencias en Pozna\u0144. \u00abLa esencia del aprendizaje y el [&hellip;]<\/p>\n","protected":false},"author":6,"featured_media":264756,"comment_status":"closed","ping_status":"closed","sticky":false,"template":"","format":"standard","meta":[],"categories":[81],"tags":[],"_links":{"self":[{"href":"https:\/\/www.polishscience.pl\/es\/wp-json\/wp\/v2\/posts\/264899"}],"collection":[{"href":"https:\/\/www.polishscience.pl\/es\/wp-json\/wp\/v2\/posts"}],"about":[{"href":"https:\/\/www.polishscience.pl\/es\/wp-json\/wp\/v2\/types\/post"}],"author":[{"embeddable":true,"href":"https:\/\/www.polishscience.pl\/es\/wp-json\/wp\/v2\/users\/6"}],"replies":[{"embeddable":true,"href":"https:\/\/www.polishscience.pl\/es\/wp-json\/wp\/v2\/comments?post=264899"}],"version-history":[{"count":1,"href":"https:\/\/www.polishscience.pl\/es\/wp-json\/wp\/v2\/posts\/264899\/revisions"}],"predecessor-version":[{"id":264910,"href":"https:\/\/www.polishscience.pl\/es\/wp-json\/wp\/v2\/posts\/264899\/revisions\/264910"}],"wp:featuredmedia":[{"embeddable":true,"href":"https:\/\/www.polishscience.pl\/es\/wp-json\/wp\/v2\/media\/264756"}],"wp:attachment":[{"href":"https:\/\/www.polishscience.pl\/es\/wp-json\/wp\/v2\/media?parent=264899"}],"wp:term":[{"taxonomy":"category","embeddable":true,"href":"https:\/\/www.polishscience.pl\/es\/wp-json\/wp\/v2\/categories?post=264899"},{"taxonomy":"post_tag","embeddable":true,"href":"https:\/\/www.polishscience.pl\/es\/wp-json\/wp\/v2\/tags?post=264899"}],"curies":[{"name":"wp","href":"https:\/\/api.w.org\/{rel}","templated":true}]}}