{"id":263606,"date":"2023-01-30T20:07:29","date_gmt":"2023-01-30T19:07:29","guid":{"rendered":"https:\/\/polishscience.pl\/?p=263606"},"modified":"2023-01-30T20:07:29","modified_gmt":"2023-01-30T19:07:29","slug":"dia-mundial-de-los-humedales","status":"publish","type":"post","link":"https:\/\/www.polishscience.pl\/es\/dia-mundial-de-los-humedales\/","title":{"rendered":"D\u00eda Mundial de los Humedales"},"content":{"rendered":"<p class=\"western\"><span style=\"font-family: Times New Roman, serif;\"><span style=\"font-size: medium;\"><b>El 3 de febrero de 2023, la Facultad de Ciencias de la Tierra y Gesti\u00f3n Espacial de la Universidad Maria Curie-Sk\u0142odowska (UMCS) <span lang=\"pl-PL\">de<\/span> Lublin <span lang=\"pl-PL\">acoger<\/span>\u00e1 <span lang=\"pl-PL\">las celebraciones<\/span> del D\u00eda Mundial de los Humedales. La sexta edici\u00f3n del evento, <span lang=\"pl-PL\">cuyo lema es \u00abEs hora de restaurar los humedales\u00bb <\/span>consta de dos partes: <span lang=\"pl-PL\">una<\/span> <span lang=\"pl-PL\">de <\/span>divulgaci\u00f3n cient\u00edfica y <span lang=\"pl-PL\">la otra c<\/span>ient\u00edfica. <\/b><\/span><\/span><\/p>\n<p class=\"western\"><span style=\"font-family: Times New Roman, serif;\"><span style=\"font-size: medium;\">La parte de divulgaci\u00f3n cient\u00edfica, que incluye consta de 3 conferencias, 13 talleres tem\u00e1ticos, exposicione<span lang=\"pl-PL\">s <\/span>de pintura y fotograf\u00eda, est\u00e1 destinada principalmente a estudiantes de secundaria, ya todos aquellos interesados \u200b\u200ben el tema de los humedales.<\/span><\/span><\/p>\n<p class=\"western\"><span style=\"font-family: Times New Roman, serif;\"><span style=\"font-size: medium;\">La parte cient\u00edfica incluir\u00e1 conversaciones con especialistas: cient\u00edficos y practicantes, sobre proyectos en curso y finalizados, as\u00ed como sobre los valores naturales de los humedales, la protecci\u00f3n de especies y h\u00e1bitats, la cooperaci\u00f3n transfronteriza o el impacto del cambio clim\u00e1tico en la avifauna.<\/span><\/span><\/p>\n<p class=\"western\">\n","protected":false},"excerpt":{"rendered":"<p>El 3 de febrero de 2023, la Facultad de Ciencias de la Tierra y Gesti\u00f3n Espacial de la Universidad Maria Curie-Sk\u0142odowska (UMCS) de Lublin acoger\u00e1 las celebraciones del D\u00eda Mundial de los Humedales. La sexta edici\u00f3n del evento, cuyo lema es \u00abEs hora de restaurar los humedales\u00bb consta de dos partes: una de divulgaci\u00f3n cient\u00edfica [&hellip;]<\/p>\n","protected":false},"author":6,"featured_media":263410,"comment_status":"closed","ping_status":"closed","sticky":false,"template":"","format":"standard","meta":[],"categories":[81],"tags":[],"_links":{"self":[{"href":"https:\/\/www.polishscience.pl\/es\/wp-json\/wp\/v2\/posts\/263606"}],"collection":[{"href":"https:\/\/www.polishscience.pl\/es\/wp-json\/wp\/v2\/posts"}],"about":[{"href":"https:\/\/www.polishscience.pl\/es\/wp-json\/wp\/v2\/types\/post"}],"author":[{"embeddable":true,"href":"https:\/\/www.polishscience.pl\/es\/wp-json\/wp\/v2\/users\/6"}],"replies":[{"embeddable":true,"href":"https:\/\/www.polishscience.pl\/es\/wp-json\/wp\/v2\/comments?post=263606"}],"version-history":[{"count":1,"href":"https:\/\/www.polishscience.pl\/es\/wp-json\/wp\/v2\/posts\/263606\/revisions"}],"predecessor-version":[{"id":263615,"href":"https:\/\/www.polishscience.pl\/es\/wp-json\/wp\/v2\/posts\/263606\/revisions\/263615"}],"wp:featuredmedia":[{"embeddable":true,"href":"https:\/\/www.polishscience.pl\/es\/wp-json\/wp\/v2\/media\/263410"}],"wp:attachment":[{"href":"https:\/\/www.polishscience.pl\/es\/wp-json\/wp\/v2\/media?parent=263606"}],"wp:term":[{"taxonomy":"category","embeddable":true,"href":"https:\/\/www.polishscience.pl\/es\/wp-json\/wp\/v2\/categories?post=263606"},{"taxonomy":"post_tag","embeddable":true,"href":"https:\/\/www.polishscience.pl\/es\/wp-json\/wp\/v2\/tags?post=263606"}],"curies":[{"name":"wp","href":"https:\/\/api.w.org\/{rel}","templated":true}]}}