{"id":261127,"date":"2023-01-17T15:14:20","date_gmt":"2023-01-17T14:14:20","guid":{"rendered":"https:\/\/polishscience.pl\/?p=261127"},"modified":"2023-01-17T15:14:20","modified_gmt":"2023-01-17T14:14:20","slug":"dia-del-judaismo-en-la-arquidiocesis-de-lublin","status":"publish","type":"post","link":"https:\/\/www.polishscience.pl\/es\/dia-del-judaismo-en-la-arquidiocesis-de-lublin\/","title":{"rendered":"D\u00eda del Juda\u00edsmo en la Arquidi\u00f3cesis de Lublin"},"content":{"rendered":"<p class=\"western\" lang=\"zxx\"><span style=\"color: #000000;\"><span style=\"font-family: Times New Roman, serif;\"><span style=\"font-size: medium;\"><b>El mi\u00e9rcoles, 18 de enero de 2023, comenzar\u00e1n las celebraciones del D\u00eda del Juda\u00edsmo en la Arquidi\u00f3cesis de Lublin, un evento organizado por el Centro Arquidiocesano para el Di\u00e1logo entre Cat\u00f3licos y Jud\u00edos y el Centro de Relaciones Cat\u00f3lico-Jud\u00edas Abraham J. Heschel de la Universidad Cat\u00f3lica de Lublin (KUL).<\/b><\/span><\/span><\/span><\/p>\n<p class=\"western\" lang=\"zxx\"><span style=\"color: #000000;\"><span style=\"font-family: Times New Roman, serif;\"><span style=\"font-size: medium;\">\u00abNecesitamos el D\u00eda del Juda\u00edsmo, pues nos permite descubrir las ra\u00edces jud\u00edas de la religi\u00f3n cristiana, podemos llevar a cabo un di\u00e1logo com\u00fan, podemos rezar, podemos descubrir juntos la riqueza de nuestras religiones y resolver juntos los problemas del mundo moderno\u00bb, enfatiz\u00f3 el Prof. Miros\u0142aw Wr\u00f3bel, director del Centro de Relaciones Cat\u00f3lico-Jud\u00edas Abraham J. Heschel de la KUL.<\/span><\/span><\/span><\/p>\n<p class=\"western\" lang=\"zxx\"><span style=\"color: #000000;\"><span style=\"font-family: Times New Roman, serif;\"><span style=\"font-size: medium;\">La reuni\u00f3n comenzar\u00e1 con el canto \u00abShema Israel\u00bb, seguido de lecturas de la Tor\u00e1 y los Evangelios, y dos comentarios, jud\u00edo y cat\u00f3lico. El rabino Icchak Rapoport de la Comunidad Religiosa Jud\u00eda de Varsovia hablar\u00e1 sobre la celebraci\u00f3n jud\u00eda de la Pascua, mientras que el p. Miros\u0142aw Bielecki de la Hoguera de la Luz y el Amor en \u0141opoczno presentar\u00e1 la Pascua en t\u00e9rminos cristianos.<\/span><\/span><\/span><\/p>\n","protected":false},"excerpt":{"rendered":"<p>El mi\u00e9rcoles, 18 de enero de 2023, comenzar\u00e1n las celebraciones del D\u00eda del Juda\u00edsmo en la Arquidi\u00f3cesis de Lublin, un evento organizado por el Centro Arquidiocesano para el Di\u00e1logo entre Cat\u00f3licos y Jud\u00edos y el Centro de Relaciones Cat\u00f3lico-Jud\u00edas Abraham J. Heschel de la Universidad Cat\u00f3lica de Lublin (KUL). \u00abNecesitamos el D\u00eda del Juda\u00edsmo, pues [&hellip;]<\/p>\n","protected":false},"author":6,"featured_media":260973,"comment_status":"closed","ping_status":"closed","sticky":false,"template":"","format":"standard","meta":[],"categories":[81],"tags":[],"_links":{"self":[{"href":"https:\/\/www.polishscience.pl\/es\/wp-json\/wp\/v2\/posts\/261127"}],"collection":[{"href":"https:\/\/www.polishscience.pl\/es\/wp-json\/wp\/v2\/posts"}],"about":[{"href":"https:\/\/www.polishscience.pl\/es\/wp-json\/wp\/v2\/types\/post"}],"author":[{"embeddable":true,"href":"https:\/\/www.polishscience.pl\/es\/wp-json\/wp\/v2\/users\/6"}],"replies":[{"embeddable":true,"href":"https:\/\/www.polishscience.pl\/es\/wp-json\/wp\/v2\/comments?post=261127"}],"version-history":[{"count":1,"href":"https:\/\/www.polishscience.pl\/es\/wp-json\/wp\/v2\/posts\/261127\/revisions"}],"predecessor-version":[{"id":261137,"href":"https:\/\/www.polishscience.pl\/es\/wp-json\/wp\/v2\/posts\/261127\/revisions\/261137"}],"wp:featuredmedia":[{"embeddable":true,"href":"https:\/\/www.polishscience.pl\/es\/wp-json\/wp\/v2\/media\/260973"}],"wp:attachment":[{"href":"https:\/\/www.polishscience.pl\/es\/wp-json\/wp\/v2\/media?parent=261127"}],"wp:term":[{"taxonomy":"category","embeddable":true,"href":"https:\/\/www.polishscience.pl\/es\/wp-json\/wp\/v2\/categories?post=261127"},{"taxonomy":"post_tag","embeddable":true,"href":"https:\/\/www.polishscience.pl\/es\/wp-json\/wp\/v2\/tags?post=261127"}],"curies":[{"name":"wp","href":"https:\/\/api.w.org\/{rel}","templated":true}]}}