{"id":260473,"date":"2023-01-13T20:23:44","date_gmt":"2023-01-13T19:23:44","guid":{"rendered":"https:\/\/polishscience.pl\/?p=260473"},"modified":"2023-01-13T20:23:44","modified_gmt":"2023-01-13T19:23:44","slug":"conferencia-cientifica-de-apicultura-en-lublin","status":"publish","type":"post","link":"https:\/\/www.polishscience.pl\/es\/conferencia-cientifica-de-apicultura-en-lublin\/","title":{"rendered":"Conferencia Cient\u00edfica de Apicultura en Lublin"},"content":{"rendered":"<p class=\"western\" lang=\"pl-PL\"><span style=\"font-family: Times New Roman, serif;\"><span style=\"font-size: medium;\"><b>El jueves 19 de enero de 2023, <\/b><b>el Centro de Congresos de la Universidad de Ciencias de la Vida en <\/b><b>Lublin a<\/b><b>coger\u00e1 <\/b><b> la Conferencia Cient\u00edfica de Apicultura para el entorno socioecon\u00f3mico \u00abCiencia en la pr\u00e1ctica\u00bb.<\/b><\/span><\/span><\/p>\n<p class=\"western\" lang=\"pl-PL\"><span style=\"font-family: Times New Roman, serif;\"><span style=\"font-size: medium;\">La conferencia, cuyo objetivo es conectar el mundo de la ciencia con el entorno socioecon\u00f3mico, cuenta con el apoyo de hasta tres ministerios: de Clima y Medio Ambiente, de Agricultura y Desarrollo Rural, y de Educaci\u00f3n y Ciencia.<br \/>\nEl objetivo del evento es presentar la comunidad cient\u00edfica ap\u00edcola, integrar la comunidad acad\u00e9mica (que se ocupa de diversas ramas de la apicultura en sus investigaciones) con los apicultores y empresarios que act\u00faan en este campo.<\/span><\/span><\/p>\n<p class=\"western\" lang=\"pl-PL\"><span style=\"font-family: Times New Roman, serif;\"><span style=\"font-size: medium;\">Durante la conferencia, se presentar\u00e1n las direcciones y los resultados de la investigaci\u00f3n llevada a cabo en centros de investigaci\u00f3n individuales en toda Polonia, sus aplicaciones, implementaciones e instalaciones \u00fatiles en el trabajo diario de un apicultor. <\/span><\/span><\/p>\n","protected":false},"excerpt":{"rendered":"<p>El jueves 19 de enero de 2023, el Centro de Congresos de la Universidad de Ciencias de la Vida en Lublin acoger\u00e1 la Conferencia Cient\u00edfica de Apicultura para el entorno socioecon\u00f3mico \u00abCiencia en la pr\u00e1ctica\u00bb. La conferencia, cuyo objetivo es conectar el mundo de la ciencia con el entorno socioecon\u00f3mico, cuenta con el apoyo de [&hellip;]<\/p>\n","protected":false},"author":6,"featured_media":260338,"comment_status":"closed","ping_status":"closed","sticky":false,"template":"","format":"standard","meta":[],"categories":[81],"tags":[],"_links":{"self":[{"href":"https:\/\/www.polishscience.pl\/es\/wp-json\/wp\/v2\/posts\/260473"}],"collection":[{"href":"https:\/\/www.polishscience.pl\/es\/wp-json\/wp\/v2\/posts"}],"about":[{"href":"https:\/\/www.polishscience.pl\/es\/wp-json\/wp\/v2\/types\/post"}],"author":[{"embeddable":true,"href":"https:\/\/www.polishscience.pl\/es\/wp-json\/wp\/v2\/users\/6"}],"replies":[{"embeddable":true,"href":"https:\/\/www.polishscience.pl\/es\/wp-json\/wp\/v2\/comments?post=260473"}],"version-history":[{"count":2,"href":"https:\/\/www.polishscience.pl\/es\/wp-json\/wp\/v2\/posts\/260473\/revisions"}],"predecessor-version":[{"id":260486,"href":"https:\/\/www.polishscience.pl\/es\/wp-json\/wp\/v2\/posts\/260473\/revisions\/260486"}],"wp:featuredmedia":[{"embeddable":true,"href":"https:\/\/www.polishscience.pl\/es\/wp-json\/wp\/v2\/media\/260338"}],"wp:attachment":[{"href":"https:\/\/www.polishscience.pl\/es\/wp-json\/wp\/v2\/media?parent=260473"}],"wp:term":[{"taxonomy":"category","embeddable":true,"href":"https:\/\/www.polishscience.pl\/es\/wp-json\/wp\/v2\/categories?post=260473"},{"taxonomy":"post_tag","embeddable":true,"href":"https:\/\/www.polishscience.pl\/es\/wp-json\/wp\/v2\/tags?post=260473"}],"curies":[{"name":"wp","href":"https:\/\/api.w.org\/{rel}","templated":true}]}}