{"id":260024,"date":"2023-01-11T16:27:48","date_gmt":"2023-01-11T15:27:48","guid":{"rendered":"https:\/\/polishscience.pl\/?p=260024"},"modified":"2023-01-11T16:27:48","modified_gmt":"2023-01-11T15:27:48","slug":"conferencia-cientifica-con-el-motivo-el-60o-aniversario-del-festival-nacional-de-la-cancion-polaca-en-opole","status":"publish","type":"post","link":"https:\/\/www.polishscience.pl\/es\/conferencia-cientifica-con-el-motivo-el-60o-aniversario-del-festival-nacional-de-la-cancion-polaca-en-opole\/","title":{"rendered":"Conferencia cient\u00edfica con el motivo el 60\u00ba aniversario del Festival Nacional de la Canci\u00f3n Polaca en Opole"},"content":{"rendered":"<p class=\"western\" lang=\"zxx\"><b><span style=\"color: #000000;\"><span style=\"font-family: Times New Roman, serif;\"><span style=\"font-size: medium;\">El Museo de la Canci\u00f3n Polaca en Opole y la Musicolog\u00eda de la Universidad de Opole invitan a la conferencia interdisciplinar \u00ab60 a\u00f1os del Festival Nacional de la Canci\u00f3n Polaca en Opole. M\u00fasica. Palabras. Contextos\u00bb, que se realizar\u00e1 del 16 al 17 de mayo de 2023.<\/span><\/span><\/span><\/b><\/p>\n<p class=\"western\"><span style=\"color: #000000;\"><span style=\"font-family: Times New Roman, serif;\"><span style=\"font-size: medium;\"><span lang=\"zxx\">El Festival Nacional de la Canci\u00f3n Polaca (KFPP) se ha convertido en una importante parte de la cultura polaca durante las \u00faltimas seis d\u00e9cadas. En la mente de muchas personas se han fijado \u00e9xitos, artistas y conciertos inolvidables. El <\/span><\/span><\/span><\/span><span style=\"color: #000000;\"><span style=\"font-family: Times New Roman, serif;\"><span style=\"font-size: medium;\">60\u00ba <\/span><\/span><\/span><span style=\"color: #000000;\"><span style=\"font-family: Times New Roman, serif;\"><span style=\"font-size: medium;\"><span lang=\"zxx\">aniversario del KFPP en Opole es una excelente oportunidad para reflexionar sobre su legado hist\u00f3rico y presente, informan los organizadores.<\/span><\/span><\/span><\/span><\/p>\n<p class=\"western\" lang=\"zxx\"><span style=\"color: #000000;\"><span style=\"font-family: Times New Roman, serif;\"><span style=\"font-size: medium;\">La conferencia \u201c60 a\u00f1os del Festival Nacional de la Canci\u00f3n Polaca en Opole. M\u00fasica. Palabras. Contextos\u201d ser\u00e1 un gran lugar para una discusi\u00f3n acad\u00e9mica sobre este evento. Los organizadores invitan a participar a expertos en cultura, music\u00f3logos, antrop\u00f3logos, soci\u00f3logos, expertos en medios, expertos en literatura, ling\u00fcistas e investigadores de otros campos interesados \u200b\u200ben el tema.<\/span><\/span><\/span><\/p>\n<p class=\"western\" lang=\"zxx\"><span style=\"color: #000000;\"><span style=\"font-family: Times New Roman, serif;\"><span style=\"font-size: medium;\">M\u00e1s: <\/span><\/span><\/span><span style=\"color: #0000ff;\"><u><a href=\"https:\/\/muzeumpiosenki.pl\/aktualnosci\/aktualnosc_907.html?fromsearch\"><span style=\"color: #0563c1;\"><span style=\"font-family: Times New Roman, serif;\"><span style=\"font-size: medium;\">https:\/\/muzeumpiosenki.pl\/aktualnosci\/aktualnosc_907.html?fromsearch<\/span><\/span><\/span><\/a><\/u><\/span><\/p>\n","protected":false},"excerpt":{"rendered":"<p>El Museo de la Canci\u00f3n Polaca en Opole y la Musicolog\u00eda de la Universidad de Opole invitan a la conferencia interdisciplinar \u00ab60 a\u00f1os del Festival Nacional de la Canci\u00f3n Polaca en Opole. M\u00fasica. Palabras. Contextos\u00bb, que se realizar\u00e1 del 16 al 17 de mayo de 2023. El Festival Nacional de la Canci\u00f3n Polaca (KFPP) se [&hellip;]<\/p>\n","protected":false},"author":6,"featured_media":259803,"comment_status":"closed","ping_status":"closed","sticky":false,"template":"","format":"standard","meta":[],"categories":[81],"tags":[],"_links":{"self":[{"href":"https:\/\/www.polishscience.pl\/es\/wp-json\/wp\/v2\/posts\/260024"}],"collection":[{"href":"https:\/\/www.polishscience.pl\/es\/wp-json\/wp\/v2\/posts"}],"about":[{"href":"https:\/\/www.polishscience.pl\/es\/wp-json\/wp\/v2\/types\/post"}],"author":[{"embeddable":true,"href":"https:\/\/www.polishscience.pl\/es\/wp-json\/wp\/v2\/users\/6"}],"replies":[{"embeddable":true,"href":"https:\/\/www.polishscience.pl\/es\/wp-json\/wp\/v2\/comments?post=260024"}],"version-history":[{"count":1,"href":"https:\/\/www.polishscience.pl\/es\/wp-json\/wp\/v2\/posts\/260024\/revisions"}],"predecessor-version":[{"id":260029,"href":"https:\/\/www.polishscience.pl\/es\/wp-json\/wp\/v2\/posts\/260024\/revisions\/260029"}],"wp:featuredmedia":[{"embeddable":true,"href":"https:\/\/www.polishscience.pl\/es\/wp-json\/wp\/v2\/media\/259803"}],"wp:attachment":[{"href":"https:\/\/www.polishscience.pl\/es\/wp-json\/wp\/v2\/media?parent=260024"}],"wp:term":[{"taxonomy":"category","embeddable":true,"href":"https:\/\/www.polishscience.pl\/es\/wp-json\/wp\/v2\/categories?post=260024"},{"taxonomy":"post_tag","embeddable":true,"href":"https:\/\/www.polishscience.pl\/es\/wp-json\/wp\/v2\/tags?post=260024"}],"curies":[{"name":"wp","href":"https:\/\/api.w.org\/{rel}","templated":true}]}}