{"id":260009,"date":"2023-01-11T16:24:58","date_gmt":"2023-01-11T15:24:58","guid":{"rendered":"https:\/\/polishscience.pl\/?p=260009"},"modified":"2023-03-08T12:35:03","modified_gmt":"2023-03-08T11:35:03","slug":"inauguran-la-oficina-de-estudios-kul-en-paris-para-la-comunidad-polaca-y-los-polacos-en-el-extranjero","status":"publish","type":"post","link":"https:\/\/www.polishscience.pl\/es\/inauguran-la-oficina-de-estudios-kul-en-paris-para-la-comunidad-polaca-y-los-polacos-en-el-extranjero\/","title":{"rendered":"Inauguran la Oficina de Estudios KUL en Par\u00eds para la di\u00e1spora polaca y los polacos en el extranjero"},"content":{"rendered":"<p class=\"western\" lang=\"zxx\"><span style=\"font-family: Times New Roman, serif;\"><span style=\"font-size: medium;\"><b>La Universidad Cat\u00f3lica de Lublin (KUL) y la Misi\u00f3n Cat\u00f3lica Polaca en Francia invitan a participar en la ceremonia de inauguraci\u00f3n de la Oficina de Estudios de la KUL para la Di\u00e1spora Polaca y Polacos en el Extranjero en el Seminario Polaco en Par\u00eds, que tendr\u00e1 lugar el 4 de enero de 2023. El evento ir\u00e1 acompa\u00f1ado por la conferencia \u201cPatriotismo moderno, \u00bfc\u00f3mo promover valores en el mundo de hoy? Retos de la comunicaci\u00f3n contempor\u00e1nea, nuevos medios y tecnolog\u00edas\u201d.<\/b><\/span><\/span><\/p>\n<p class=\"western\" lang=\"zxx\"><span style=\"font-family: Times New Roman, serif;\"><span style=\"font-size: medium;\">Al acto asistir\u00e1n obispo Piotr Turzy\u0144ski, delegado de la Conferencia Episcopal Polaca para la Pastoral de la Emigraci\u00f3n Polaca y el Prof. Miros\u0142aw Kalinowski, rector de la Universidad Cat\u00f3lica de Lublin.<\/span><\/span><\/p>\n<p class=\"western\" lang=\"zxx\"><span style=\"font-family: Times New Roman, serif;\"><span style=\"font-size: medium;\">Las tareas de la Oficina de Estudios KUL incluir\u00e1n, entre otras, la organizaci\u00f3n de clases estacionarias, cursos de formaci\u00f3n y estudios de posgrado, as\u00ed como conferencias, simposios, debates tem\u00e1ticos, clases del idioma polaco y cursos para mejorar las calificaciones de profesores de escuelas polacas. Tambi\u00e9n ser\u00e1 un lugar de clases y encuentros para ni\u00f1os y j\u00f3venes polacos.<\/span><\/span><\/p>\n","protected":false},"excerpt":{"rendered":"<p>La Universidad Cat\u00f3lica de Lublin (KUL) y la Misi\u00f3n Cat\u00f3lica Polaca en Francia invitan a participar en la ceremonia de inauguraci\u00f3n de la Oficina de Estudios de la KUL para la Di\u00e1spora Polaca y Polacos en el Extranjero en el Seminario Polaco en Par\u00eds, que tendr\u00e1 lugar el 4 de enero de 2023. El evento [&hellip;]<\/p>\n","protected":false},"author":6,"featured_media":259723,"comment_status":"closed","ping_status":"closed","sticky":false,"template":"","format":"standard","meta":[],"categories":[81],"tags":[],"_links":{"self":[{"href":"https:\/\/www.polishscience.pl\/es\/wp-json\/wp\/v2\/posts\/260009"}],"collection":[{"href":"https:\/\/www.polishscience.pl\/es\/wp-json\/wp\/v2\/posts"}],"about":[{"href":"https:\/\/www.polishscience.pl\/es\/wp-json\/wp\/v2\/types\/post"}],"author":[{"embeddable":true,"href":"https:\/\/www.polishscience.pl\/es\/wp-json\/wp\/v2\/users\/6"}],"replies":[{"embeddable":true,"href":"https:\/\/www.polishscience.pl\/es\/wp-json\/wp\/v2\/comments?post=260009"}],"version-history":[{"count":2,"href":"https:\/\/www.polishscience.pl\/es\/wp-json\/wp\/v2\/posts\/260009\/revisions"}],"predecessor-version":[{"id":271112,"href":"https:\/\/www.polishscience.pl\/es\/wp-json\/wp\/v2\/posts\/260009\/revisions\/271112"}],"wp:featuredmedia":[{"embeddable":true,"href":"https:\/\/www.polishscience.pl\/es\/wp-json\/wp\/v2\/media\/259723"}],"wp:attachment":[{"href":"https:\/\/www.polishscience.pl\/es\/wp-json\/wp\/v2\/media?parent=260009"}],"wp:term":[{"taxonomy":"category","embeddable":true,"href":"https:\/\/www.polishscience.pl\/es\/wp-json\/wp\/v2\/categories?post=260009"},{"taxonomy":"post_tag","embeddable":true,"href":"https:\/\/www.polishscience.pl\/es\/wp-json\/wp\/v2\/tags?post=260009"}],"curies":[{"name":"wp","href":"https:\/\/api.w.org\/{rel}","templated":true}]}}