{"id":259639,"date":"2023-01-10T16:32:46","date_gmt":"2023-01-10T15:32:46","guid":{"rendered":"https:\/\/polishscience.pl\/?p=259639"},"modified":"2023-01-10T16:32:52","modified_gmt":"2023-01-10T15:32:52","slug":"la-academia-wsb-de-dabrowa-gornicza-acoge-la-conferencia-modificacion-del-codigo-del-trabajo-evaluacion-de-la-normativa-y-sus-efectos","status":"publish","type":"post","link":"https:\/\/www.polishscience.pl\/es\/la-academia-wsb-de-dabrowa-gornicza-acoge-la-conferencia-modificacion-del-codigo-del-trabajo-evaluacion-de-la-normativa-y-sus-efectos\/","title":{"rendered":"La Academia WSB de D\u0105browa G\u00f3rnicza acoge la conferencia \u00abModificaci\u00f3n del C\u00f3digo del Trabajo: evaluaci\u00f3n de la normativa y sus efectos\u00bb"},"content":{"rendered":"<p class=\"western\" lang=\"pl-PL\"><span style=\"font-family: Times New Roman, serif;\"><span style=\"font-size: medium;\"><b>El Departamento de Derecho y Administraci\u00f3n de la Academia WSB de D\u0105browa G\u00f3rnicza invita a la conferencia cient\u00edfica \u00abModificaci\u00f3n del C\u00f3digo del Trabajo: evaluaci\u00f3n de la normativa y sus efectos\u00bb, que tendr\u00e1 lugar el 1 de febrero de 2023. Asistir\u00e1n especialistas en el \u00e1mbito del derecho laboral, protecci\u00f3n de datos personales, seguridad de la informaci\u00f3n y derecho de los empresarios.<\/b><\/span><\/span><\/p>\n<p class=\"western\" lang=\"pl-PL\"><span style=\"font-family: Times New Roman, serif;\"><span style=\"font-size: medium;\">La jornada estar\u00e1 dedicada a temas relacionados con la reforma del C\u00f3digo del Trabajo, que entrar\u00e1 en vigor en 2023. Los cambios propuestos ser\u00e1n de gran importancia, tanto para los empleadores como para los empleados. La enmienda tambi\u00e9n se justifica por la necesidad de implementar las directivas de la UE, incluida la directiva sobre el equilibrio entre el trabajo y la vida privada, leemos en la invitaci\u00f3n.<\/span><\/span><\/p>\n<p class=\"western\" lang=\"pl-PL\"><span style=\"font-family: Times New Roman, serif;\"><span style=\"font-size: medium;\">En el marco de la conferencia, tambi\u00e9n se analizar\u00e1 el tema del trabajo remoto, que ha sido adoptado en el ordenamiento jur\u00eddico polaco como una soluci\u00f3n temporal, introducida por la Ley Covid.<\/span><\/span><\/p>\n<p class=\"western\" lang=\"pl-PL\"><span style=\"font-family: Times New Roman, serif;\"><span style=\"font-size: medium;\">Actualmente, se prev\u00e9 introducir estas soluciones de forma permanente en el C\u00f3digo del Trabajo.<\/span><\/span><\/p>\n<p class=\"western\" lang=\"pl-PL\"><span style=\"font-family: Times New Roman, serif;\"><span style=\"font-size: medium;\">M\u00e1s: <a href=\"https:\/\/wsb.edu.pl\/uczelnia\/aktualnosci\/konferencja-naukowa-nowelizacja-kodeksu-pracy-ocena-regulacji-i-jej-skutki-2.html\">https:\/\/wsb.edu.pl\/uczelnia\/aktualnosci\/konferencja-naukowa-nowelizacja-kodeksu-pracy-ocena-regulacji-i-jej-skutki-2.html<\/a> <\/span><\/span><\/p>\n<p class=\"western\" lang=\"pl-PL\">\n","protected":false},"excerpt":{"rendered":"<p>El Departamento de Derecho y Administraci\u00f3n de la Academia WSB de D\u0105browa G\u00f3rnicza invita a la conferencia cient\u00edfica \u00abModificaci\u00f3n del C\u00f3digo del Trabajo: evaluaci\u00f3n de la normativa y sus efectos\u00bb, que tendr\u00e1 lugar el 1 de febrero de 2023. Asistir\u00e1n especialistas en el \u00e1mbito del derecho laboral, protecci\u00f3n de datos personales, seguridad de la informaci\u00f3n [&hellip;]<\/p>\n","protected":false},"author":6,"featured_media":259473,"comment_status":"closed","ping_status":"closed","sticky":false,"template":"","format":"standard","meta":[],"categories":[81],"tags":[],"_links":{"self":[{"href":"https:\/\/www.polishscience.pl\/es\/wp-json\/wp\/v2\/posts\/259639"}],"collection":[{"href":"https:\/\/www.polishscience.pl\/es\/wp-json\/wp\/v2\/posts"}],"about":[{"href":"https:\/\/www.polishscience.pl\/es\/wp-json\/wp\/v2\/types\/post"}],"author":[{"embeddable":true,"href":"https:\/\/www.polishscience.pl\/es\/wp-json\/wp\/v2\/users\/6"}],"replies":[{"embeddable":true,"href":"https:\/\/www.polishscience.pl\/es\/wp-json\/wp\/v2\/comments?post=259639"}],"version-history":[{"count":2,"href":"https:\/\/www.polishscience.pl\/es\/wp-json\/wp\/v2\/posts\/259639\/revisions"}],"predecessor-version":[{"id":259650,"href":"https:\/\/www.polishscience.pl\/es\/wp-json\/wp\/v2\/posts\/259639\/revisions\/259650"}],"wp:featuredmedia":[{"embeddable":true,"href":"https:\/\/www.polishscience.pl\/es\/wp-json\/wp\/v2\/media\/259473"}],"wp:attachment":[{"href":"https:\/\/www.polishscience.pl\/es\/wp-json\/wp\/v2\/media?parent=259639"}],"wp:term":[{"taxonomy":"category","embeddable":true,"href":"https:\/\/www.polishscience.pl\/es\/wp-json\/wp\/v2\/categories?post=259639"},{"taxonomy":"post_tag","embeddable":true,"href":"https:\/\/www.polishscience.pl\/es\/wp-json\/wp\/v2\/tags?post=259639"}],"curies":[{"name":"wp","href":"https:\/\/api.w.org\/{rel}","templated":true}]}}