{"id":256998,"date":"2022-12-23T19:54:39","date_gmt":"2022-12-23T18:54:39","guid":{"rendered":"https:\/\/polishscience.pl\/?p=256998"},"modified":"2022-12-23T19:54:39","modified_gmt":"2022-12-23T18:54:39","slug":"el-centro-de-investigacion-sobre-la-cultura-de-varsovia-de-la-universidad-de-varsovia-preparo-la-exposicion-los-franceses-en-varsovia","status":"publish","type":"post","link":"https:\/\/www.polishscience.pl\/es\/el-centro-de-investigacion-sobre-la-cultura-de-varsovia-de-la-universidad-de-varsovia-preparo-la-exposicion-los-franceses-en-varsovia\/","title":{"rendered":"El Centro de Investigaci\u00f3n sobre la Cultura de Varsovia de la Universidad de Varsovia prepar\u00f3 la exposici\u00f3n \u00abLos franceses en Varsovia\u00bb"},"content":{"rendered":"<p class=\"western\"><b><span style=\"color: #000000;\"><span style=\"font-family: Times New Roman, serif;\"><span style=\"font-size: medium;\"><span lang=\"es-ES\">L<\/span><\/span><\/span><\/span><span style=\"color: #000000;\"><span style=\"font-family: Times New Roman, serif;\"><span style=\"font-size: medium;\"><span lang=\"pl-PL\">a Embajada de Francia en Varsovia <\/span><\/span><\/span><\/span><span style=\"color: #000000;\"><span style=\"font-family: Times New Roman, serif;\"><span style=\"font-size: medium;\"><span lang=\"es-ES\">alberga <\/span><\/span><\/span><\/span><span style=\"color: #000000;\"><span style=\"font-family: Times New Roman, serif;\"><span style=\"font-size: medium;\"><span lang=\"pl-PL\">la exposici\u00f3n \u00abLes Fran\u00e7ais \u00e0 Varsovie\u00bb (\u00abLos franceses en Varsovia\u00bb), preparada por el Centro de Investigaci\u00f3n sobre la Cultura de Varsovia de la Universidad de Varsovia (UW). La exposici\u00f3n trata de los lazos sociales y culturales de Francia y Polonia desde los primeros tiempos hasta nuestros d\u00edas.<\/span><\/span><\/span><\/span><\/b><\/p>\n<p class=\"western\"><span style=\"color: #000000;\"><span style=\"font-family: Times New Roman, serif;\"><span style=\"font-size: medium;\"><span lang=\"es-ES\">En la<\/span><\/span><\/span><\/span> <span style=\"color: #000000;\"><span style=\"font-family: Times New Roman, serif;\"><span style=\"font-size: medium;\"><span lang=\"pl-PL\">exposici\u00f3n <\/span><\/span><\/span><\/span><span style=\"color: #000000;\"><span style=\"font-family: Times New Roman, serif;\"><span style=\"font-size: medium;\"><span lang=\"es-ES\">se presentan<\/span><\/span><\/span><\/span> <span style=\"color: #000000;\"><span style=\"font-family: Times New Roman, serif;\"><span style=\"font-size: medium;\"><span lang=\"pl-PL\">lugares como iglesias, cementerios, instituciones, as\u00ed como obras de arte relacionadas con la cultura francesa en Varsovia, <\/span><\/span><\/span><\/span><span style=\"color: #000000;\"><span style=\"font-family: Times New Roman, serif;\"><span style=\"font-size: medium;\"><span lang=\"es-ES\">adem\u00e1s de l<\/span><\/span><\/span><\/span><span style=\"color: #000000;\"><span style=\"font-family: Times New Roman, serif;\"><span style=\"font-size: medium;\"><span lang=\"pl-PL\">os procesos relacionados con el reasentamiento y la asimilaci\u00f3n de los franceses en la capital de Polonia.<\/span><\/span><\/span><\/span><\/p>\n<p class=\"western\" lang=\"pl-PL\"><span style=\"font-family: Times New Roman, serif;\"><span style=\"font-size: medium;\">La exposici\u00f3n cuenta con el patrocinio de honor de\u00a0Fr\u00e9d\u00e9ric Billet, embajador de Francia en Polonia, y forma parte del proyecto \u00abMulticulturalismo de la Varsovia antigua y moderna\u00bb, cuyo objetivo es mostrar el rostro multicultural de la capital a lo largo de los siglos y presentar los procesos de asimilaci\u00f3n y asentamiento de la ciudad por parte de personas de otras nacionalidades, como italianos, franceses, armenios, ucranianos, suecos, noruegos o japoneses.<\/span><\/span><\/p>\n<p class=\"western\">\n","protected":false},"excerpt":{"rendered":"<p>La Embajada de Francia en Varsovia alberga la exposici\u00f3n \u00abLes Fran\u00e7ais \u00e0 Varsovie\u00bb (\u00abLos franceses en Varsovia\u00bb), preparada por el Centro de Investigaci\u00f3n sobre la Cultura de Varsovia de la Universidad de Varsovia (UW). La exposici\u00f3n trata de los lazos sociales y culturales de Francia y Polonia desde los primeros tiempos hasta nuestros d\u00edas. En [&hellip;]<\/p>\n","protected":false},"author":6,"featured_media":256846,"comment_status":"closed","ping_status":"closed","sticky":false,"template":"","format":"standard","meta":[],"categories":[81],"tags":[],"_links":{"self":[{"href":"https:\/\/www.polishscience.pl\/es\/wp-json\/wp\/v2\/posts\/256998"}],"collection":[{"href":"https:\/\/www.polishscience.pl\/es\/wp-json\/wp\/v2\/posts"}],"about":[{"href":"https:\/\/www.polishscience.pl\/es\/wp-json\/wp\/v2\/types\/post"}],"author":[{"embeddable":true,"href":"https:\/\/www.polishscience.pl\/es\/wp-json\/wp\/v2\/users\/6"}],"replies":[{"embeddable":true,"href":"https:\/\/www.polishscience.pl\/es\/wp-json\/wp\/v2\/comments?post=256998"}],"version-history":[{"count":0,"href":"https:\/\/www.polishscience.pl\/es\/wp-json\/wp\/v2\/posts\/256998\/revisions"}],"wp:featuredmedia":[{"embeddable":true,"href":"https:\/\/www.polishscience.pl\/es\/wp-json\/wp\/v2\/media\/256846"}],"wp:attachment":[{"href":"https:\/\/www.polishscience.pl\/es\/wp-json\/wp\/v2\/media?parent=256998"}],"wp:term":[{"taxonomy":"category","embeddable":true,"href":"https:\/\/www.polishscience.pl\/es\/wp-json\/wp\/v2\/categories?post=256998"},{"taxonomy":"post_tag","embeddable":true,"href":"https:\/\/www.polishscience.pl\/es\/wp-json\/wp\/v2\/tags?post=256998"}],"curies":[{"name":"wp","href":"https:\/\/api.w.org\/{rel}","templated":true}]}}