{"id":252244,"date":"2022-11-29T16:14:09","date_gmt":"2022-11-29T15:14:09","guid":{"rendered":"https:\/\/polishscience.pl\/?p=252244"},"modified":"2022-11-29T16:14:09","modified_gmt":"2022-11-29T15:14:09","slug":"arranca-la-vi-edicion-de-la-legion-academica","status":"publish","type":"post","link":"https:\/\/www.polishscience.pl\/es\/arranca-la-vi-edicion-de-la-legion-academica\/","title":{"rendered":"Arranca la VI edici\u00f3n de la Legi\u00f3n Acad\u00e9mica"},"content":{"rendered":"<p class=\"western\" lang=\"pl-PL\"><span style=\"font-family: Times New Roman, serif;\"><span style=\"font-size: medium;\">El Ministerio de la Defensa Nacional ha convocado la VI edici\u00f3n del programa de formaci\u00f3n militar voluntaria para estudiantes \u201cEscuela de la Legi\u00f3n Acad\u00e9mica\u201d.<\/span><\/span><\/p>\n<p class=\"western\" lang=\"pl-PL\"><span style=\"font-family: Times New Roman, serif;\"><span style=\"font-size: medium;\">El programa consta de parte te\u00f3rica y pr\u00e1ctica, y su prop\u00f3sito es recolectar recursos capacitados de soldados de reserva para las necesidades de complementar las Fuerzas Armadas de la Rep\u00fablica de Polonia en el cuerpo de: soldados rasos, suboficiales y oficiales.<\/span><\/span><\/p>\n<p class=\"western\" lang=\"pl-PL\"><span style=\"font-family: Times New Roman, serif;\"><span style=\"font-size: medium;\">Pueden participar estudiantes o graduados de universidades p\u00fablicas y no p\u00fablicas (estudios extramuros de primer y segundo ciclo a tiempo completo) con ciudadan\u00eda polaca.<\/span><\/span><\/p>\n<p class=\"western\" lang=\"pl-PL\"><span style=\"font-family: Times New Roman, serif;\"><span style=\"font-size: medium;\">La idea de formaci\u00f3n voluntaria para estudiantes se reintrodujo en 2017. Desde entonces, cada a\u00f1o, varios miles de estudiantes participan en el entrenamiento militar.<\/span><\/span><\/p>\n<p class=\"western\" lang=\"pl-PL\"><span style=\"font-family: Times New Roman, serif;\"><span style=\"font-size: medium;\">M\u00e1s:<\/span><\/span><\/p>\n<p class=\"western\" lang=\"pl-PL\"><span style=\"font-family: Times New Roman, serif;\"><span style=\"font-size: medium;\"><a href=\"https:\/\/www.wojsko-polskie.pl\/legia-akademicka\/\">https:\/\/www.wojsko-polskie.pl\/legia-akademicka\/<\/a><\/span><\/span><\/p>\n","protected":false},"excerpt":{"rendered":"<p>El Ministerio de la Defensa Nacional ha convocado la VI edici\u00f3n del programa de formaci\u00f3n militar voluntaria para estudiantes \u201cEscuela de la Legi\u00f3n Acad\u00e9mica\u201d. El programa consta de parte te\u00f3rica y pr\u00e1ctica, y su prop\u00f3sito es recolectar recursos capacitados de soldados de reserva para las necesidades de complementar las Fuerzas Armadas de la Rep\u00fablica de [&hellip;]<\/p>\n","protected":false},"author":6,"featured_media":252120,"comment_status":"closed","ping_status":"closed","sticky":false,"template":"","format":"standard","meta":[],"categories":[81],"tags":[],"_links":{"self":[{"href":"https:\/\/www.polishscience.pl\/es\/wp-json\/wp\/v2\/posts\/252244"}],"collection":[{"href":"https:\/\/www.polishscience.pl\/es\/wp-json\/wp\/v2\/posts"}],"about":[{"href":"https:\/\/www.polishscience.pl\/es\/wp-json\/wp\/v2\/types\/post"}],"author":[{"embeddable":true,"href":"https:\/\/www.polishscience.pl\/es\/wp-json\/wp\/v2\/users\/6"}],"replies":[{"embeddable":true,"href":"https:\/\/www.polishscience.pl\/es\/wp-json\/wp\/v2\/comments?post=252244"}],"version-history":[{"count":0,"href":"https:\/\/www.polishscience.pl\/es\/wp-json\/wp\/v2\/posts\/252244\/revisions"}],"wp:featuredmedia":[{"embeddable":true,"href":"https:\/\/www.polishscience.pl\/es\/wp-json\/wp\/v2\/media\/252120"}],"wp:attachment":[{"href":"https:\/\/www.polishscience.pl\/es\/wp-json\/wp\/v2\/media?parent=252244"}],"wp:term":[{"taxonomy":"category","embeddable":true,"href":"https:\/\/www.polishscience.pl\/es\/wp-json\/wp\/v2\/categories?post=252244"},{"taxonomy":"post_tag","embeddable":true,"href":"https:\/\/www.polishscience.pl\/es\/wp-json\/wp\/v2\/tags?post=252244"}],"curies":[{"name":"wp","href":"https:\/\/api.w.org\/{rel}","templated":true}]}}