{"id":243325,"date":"2022-10-07T09:33:32","date_gmt":"2022-10-07T07:33:32","guid":{"rendered":"https:\/\/polishscience.pl\/?p=243325"},"modified":"2022-10-07T09:33:47","modified_gmt":"2022-10-07T07:33:47","slug":"inauguracion-de-la-facultad-de-medicina-de-la-universidad-catolica-de-lublin","status":"publish","type":"post","link":"https:\/\/www.polishscience.pl\/es\/inauguracion-de-la-facultad-de-medicina-de-la-universidad-catolica-de-lublin\/","title":{"rendered":"Inauguraci\u00f3n de la Facultad de Medicina de la Universidad Cat\u00f3lica de Lublin"},"content":{"rendered":"<p class=\"western\"><span style=\"font-family: Times New Roman, serif;\"><span style=\"font-size: medium;\"><span lang=\"pl-PL\"><b>\u00abQueremos ver a la persona, en su totalidad, su aspecto som\u00e1tico, mental y espiritual\u00bb, dijo el rector de la Universidad Cat\u00f3lica de Lublin (KUL), el Prof. p. Miros\u0142aw Kalinowski durante la ceremonia de inauguraci\u00f3n de la Facultad de Medicina.<\/b><\/span><\/span><\/span><\/p>\n<p class=\"western\"><span style=\"font-family: Times New Roman, serif;\"><span style=\"font-size: medium;\"><span lang=\"pl-PL\">En esta nueva unidad ya se est\u00e1n realizando capacitaciones en obstetricia, enfermer\u00eda, biotecnolog\u00eda y diet\u00e9tica, ya partir de octubre de 2023 se iniciar\u00e1 tambi\u00e9n en el campo de la medicina.<\/span><\/span><\/span><\/p>\n<p class=\"western\"><span style=\"font-family: Times New Roman, serif;\"><span style=\"font-size: medium;\"><span lang=\"pl-PL\">El apoyo a la nueva Facultad fue declarado por el Ministro de Salud, Adam Niedzielski, quien se\u00f1al\u00f3 que el aumento del n\u00famero de estudiantes de medicina se traducir\u00eda en una mejor disponibilidad de pacientes para un m\u00e9dico en el futuro. Tambi\u00e9n anunci\u00f3 que el Ministerio de Salud apoyar\u00e1 al Departamento M\u00e9dico de la Universidad Cat\u00f3lica de Lublin por un monto de 40 millones de zlotys en forma de bonos.<\/span><\/span><\/span><\/p>\n<p class=\"western\">\n","protected":false},"excerpt":{"rendered":"<p>\u00abQueremos ver a la persona, en su totalidad, su aspecto som\u00e1tico, mental y espiritual\u00bb, dijo el rector de la Universidad Cat\u00f3lica de Lublin (KUL), el Prof. p. Miros\u0142aw Kalinowski durante la ceremonia de inauguraci\u00f3n de la Facultad de Medicina. En esta nueva unidad ya se est\u00e1n realizando capacitaciones en obstetricia, enfermer\u00eda, biotecnolog\u00eda y diet\u00e9tica, ya [&hellip;]<\/p>\n","protected":false},"author":6,"featured_media":243208,"comment_status":"closed","ping_status":"closed","sticky":false,"template":"","format":"standard","meta":[],"categories":[75],"tags":[],"_links":{"self":[{"href":"https:\/\/www.polishscience.pl\/es\/wp-json\/wp\/v2\/posts\/243325"}],"collection":[{"href":"https:\/\/www.polishscience.pl\/es\/wp-json\/wp\/v2\/posts"}],"about":[{"href":"https:\/\/www.polishscience.pl\/es\/wp-json\/wp\/v2\/types\/post"}],"author":[{"embeddable":true,"href":"https:\/\/www.polishscience.pl\/es\/wp-json\/wp\/v2\/users\/6"}],"replies":[{"embeddable":true,"href":"https:\/\/www.polishscience.pl\/es\/wp-json\/wp\/v2\/comments?post=243325"}],"version-history":[{"count":0,"href":"https:\/\/www.polishscience.pl\/es\/wp-json\/wp\/v2\/posts\/243325\/revisions"}],"wp:featuredmedia":[{"embeddable":true,"href":"https:\/\/www.polishscience.pl\/es\/wp-json\/wp\/v2\/media\/243208"}],"wp:attachment":[{"href":"https:\/\/www.polishscience.pl\/es\/wp-json\/wp\/v2\/media?parent=243325"}],"wp:term":[{"taxonomy":"category","embeddable":true,"href":"https:\/\/www.polishscience.pl\/es\/wp-json\/wp\/v2\/categories?post=243325"},{"taxonomy":"post_tag","embeddable":true,"href":"https:\/\/www.polishscience.pl\/es\/wp-json\/wp\/v2\/tags?post=243325"}],"curies":[{"name":"wp","href":"https:\/\/api.w.org\/{rel}","templated":true}]}}