{"id":239558,"date":"2022-09-15T15:21:57","date_gmt":"2022-09-15T13:21:57","guid":{"rendered":"https:\/\/polishscience.pl\/?p=239558"},"modified":"2022-09-15T15:22:25","modified_gmt":"2022-09-15T13:22:25","slug":"se-establecio-el-cluster-de-universidades-de-la-tercera-edad-de-santa-cruz","status":"publish","type":"post","link":"https:\/\/www.polishscience.pl\/es\/se-establecio-el-cluster-de-universidades-de-la-tercera-edad-de-santa-cruz\/","title":{"rendered":"Se estableci\u00f3 el Cl\u00faster de Universidades de la Tercera Edad de Santa Cruz"},"content":{"rendered":"<p class=\"western\" lang=\"pl-PL\"><span style=\"font-family: Times New Roman, serif;\"><span style=\"font-size: medium;\"><b>Durante el I Congreso de Universidades de la Tercera Edad de Santa Cruz se ha inaugurado el Cl\u00faster de Universidades de la Tercera Edad de Santa Cruz que operar\u00e1 en la Facultad de Pedagog\u00eda y Psicolog\u00eda de la Universidad Jan Kochanowski (UJK) de Kielce.<\/b><\/span><\/span><\/p>\n<p class=\"western\" lang=\"pl-PL\"><span style=\"font-family: Times New Roman, serif;\"><span style=\"font-size: medium;\">En Kielce, la primera Universidad de la Tercera Edad se estableci\u00f3 en 1985 en la entonces Universidad Pedag\u00f3gica. Hay 17 instituciones de este tipo en la Voivod\u00eda de Santa Cruz que re\u00fanen a 1.800 participantes.<\/span><\/span><\/p>\n<p class=\"western\" lang=\"pl-PL\"><span style=\"font-family: Times New Roman, serif;\"><span style=\"font-size: medium;\">Durante el Congreso de Kielce se discutieron las maneras de difundir la idea de educar a las personas mayores, promover altos est\u00e1ndares de funcionamiento de las Universidades de la Tercera Edad y fortalecer la cooperaci\u00f3n con los gobiernos locales y las universidades.<\/span><\/span><\/p>\n<p class=\"western\" lang=\"pl-PL\"><span style=\"font-family: Times New Roman, serif;\"><span style=\"font-size: medium;\">\u00abLa Universidad de la Tercera Edad es una receta comprobada para la longevidad. No es solo ciencia, sino tambi\u00e9n una integraci\u00f3n, sentido de comunidad o necesidad de utilidad. Todos quieren sentirse \u00fatiles, quieren desempe\u00f1ar roles sociales y la Universidad brinda tales oportunidades\u00bb, dijo la Prof.\u00aa El\u017cbieta Trafia\u0142ek, investigadora del Instituto de Seguridad Social de la Facultad de Derecho y Ciencias Sociales de la UJK.<\/span><\/span><\/p>\n<p class=\"western\" lang=\"pl-PL\">\n","protected":false},"excerpt":{"rendered":"<p>Durante el I Congreso de Universidades de la Tercera Edad de Santa Cruz se ha inaugurado el Cl\u00faster de Universidades de la Tercera Edad de Santa Cruz que operar\u00e1 en la Facultad de Pedagog\u00eda y Psicolog\u00eda de la Universidad Jan Kochanowski (UJK) de Kielce. En Kielce, la primera Universidad de la Tercera Edad se estableci\u00f3 [&hellip;]<\/p>\n","protected":false},"author":6,"featured_media":239379,"comment_status":"closed","ping_status":"closed","sticky":false,"template":"","format":"standard","meta":[],"categories":[75],"tags":[],"_links":{"self":[{"href":"https:\/\/www.polishscience.pl\/es\/wp-json\/wp\/v2\/posts\/239558"}],"collection":[{"href":"https:\/\/www.polishscience.pl\/es\/wp-json\/wp\/v2\/posts"}],"about":[{"href":"https:\/\/www.polishscience.pl\/es\/wp-json\/wp\/v2\/types\/post"}],"author":[{"embeddable":true,"href":"https:\/\/www.polishscience.pl\/es\/wp-json\/wp\/v2\/users\/6"}],"replies":[{"embeddable":true,"href":"https:\/\/www.polishscience.pl\/es\/wp-json\/wp\/v2\/comments?post=239558"}],"version-history":[{"count":0,"href":"https:\/\/www.polishscience.pl\/es\/wp-json\/wp\/v2\/posts\/239558\/revisions"}],"wp:featuredmedia":[{"embeddable":true,"href":"https:\/\/www.polishscience.pl\/es\/wp-json\/wp\/v2\/media\/239379"}],"wp:attachment":[{"href":"https:\/\/www.polishscience.pl\/es\/wp-json\/wp\/v2\/media?parent=239558"}],"wp:term":[{"taxonomy":"category","embeddable":true,"href":"https:\/\/www.polishscience.pl\/es\/wp-json\/wp\/v2\/categories?post=239558"},{"taxonomy":"post_tag","embeddable":true,"href":"https:\/\/www.polishscience.pl\/es\/wp-json\/wp\/v2\/tags?post=239558"}],"curies":[{"name":"wp","href":"https:\/\/api.w.org\/{rel}","templated":true}]}}