{"id":238292,"date":"2022-09-08T15:23:53","date_gmt":"2022-09-08T13:23:53","guid":{"rendered":"https:\/\/polishscience.pl\/?p=238292"},"modified":"2022-09-08T15:23:53","modified_gmt":"2022-09-08T13:23:53","slug":"cooperacion-de-arquitectos-de-las-universidades-de-rzeszow","status":"publish","type":"post","link":"https:\/\/www.polishscience.pl\/es\/cooperacion-de-arquitectos-de-las-universidades-de-rzeszow\/","title":{"rendered":"Cooperaci\u00f3n de arquitectos de las universidades de Rzesz\u00f3w"},"content":{"rendered":"<p class=\"western\" lang=\"pl-PL\"><span style=\"font-family: Times New Roman, serif;\"><span style=\"font-size: medium;\"><b>La Universidad Tecnol\u00f3gica de Rzesz\u00f3w (PRz) y la Universidad de Rzesz\u00f3w (URz) han iniciado una cooperaci\u00f3n en el proyecto de revitalizaci\u00f3n urbana de Rzesz\u00f3w en el marco de las clases did\u00e1cticas.<\/b><\/span><\/span><\/p>\n<p class=\"western\" lang=\"pl-PL\"><span style=\"font-family: Times New Roman, serif;\"><span style=\"font-size: medium;\">El acuerdo establece que los estudiantes de Arquitectura de la Facultad de Ingenier\u00eda Civil, Ingenier\u00eda Ambiental y Arquitectura de la PRz desarrollar\u00e1n conceptos de dise\u00f1o bajo el curso de dise\u00f1o arquitect\u00f3nico y urbano con revitalizaci\u00f3n, y los estudiantes de arquitectura del paisaje en la Facultad de Natural Ciencias de la Universidad de Rzesz\u00f3w en el marco de la asignatura de dise\u00f1o integrado.<\/span><\/span><\/p>\n<p class=\"western\" lang=\"pl-PL\"><span style=\"font-family: Times New Roman, serif;\"><span style=\"font-size: medium;\">Las universidades tambi\u00e9n han iniciado la cooperaci\u00f3n en el campo de la realizaci\u00f3n de proyectos conjuntos de ense\u00f1anza e investigaci\u00f3n destinados al intercambio mutuo y la complementaci\u00f3n de conocimientos, habilidades y experiencia de los empleados y estudiantes de arquitectura y arquitectura paisajista.<\/span><\/span><\/p>\n<p class=\"western\" lang=\"pl-PL\"><span style=\"font-family: Times New Roman, serif;\"><span style=\"font-size: medium;\">Uno de los efectos previstos de la cooperaci\u00f3n ser\u00e1n no solo proyectos conceptuales interdisciplinarios de la transformaci\u00f3n urbana de Rzesz\u00f3w, sino tambi\u00e9n exposiciones y debates. <\/span><\/span><\/p>\n","protected":false},"excerpt":{"rendered":"<p>La Universidad Tecnol\u00f3gica de Rzesz\u00f3w (PRz) y la Universidad de Rzesz\u00f3w (URz) han iniciado una cooperaci\u00f3n en el proyecto de revitalizaci\u00f3n urbana de Rzesz\u00f3w en el marco de las clases did\u00e1cticas. El acuerdo establece que los estudiantes de Arquitectura de la Facultad de Ingenier\u00eda Civil, Ingenier\u00eda Ambiental y Arquitectura de la PRz desarrollar\u00e1n conceptos de [&hellip;]<\/p>\n","protected":false},"author":6,"featured_media":238126,"comment_status":"closed","ping_status":"closed","sticky":false,"template":"","format":"standard","meta":[],"categories":[75],"tags":[],"_links":{"self":[{"href":"https:\/\/www.polishscience.pl\/es\/wp-json\/wp\/v2\/posts\/238292"}],"collection":[{"href":"https:\/\/www.polishscience.pl\/es\/wp-json\/wp\/v2\/posts"}],"about":[{"href":"https:\/\/www.polishscience.pl\/es\/wp-json\/wp\/v2\/types\/post"}],"author":[{"embeddable":true,"href":"https:\/\/www.polishscience.pl\/es\/wp-json\/wp\/v2\/users\/6"}],"replies":[{"embeddable":true,"href":"https:\/\/www.polishscience.pl\/es\/wp-json\/wp\/v2\/comments?post=238292"}],"version-history":[{"count":0,"href":"https:\/\/www.polishscience.pl\/es\/wp-json\/wp\/v2\/posts\/238292\/revisions"}],"wp:featuredmedia":[{"embeddable":true,"href":"https:\/\/www.polishscience.pl\/es\/wp-json\/wp\/v2\/media\/238126"}],"wp:attachment":[{"href":"https:\/\/www.polishscience.pl\/es\/wp-json\/wp\/v2\/media?parent=238292"}],"wp:term":[{"taxonomy":"category","embeddable":true,"href":"https:\/\/www.polishscience.pl\/es\/wp-json\/wp\/v2\/categories?post=238292"},{"taxonomy":"post_tag","embeddable":true,"href":"https:\/\/www.polishscience.pl\/es\/wp-json\/wp\/v2\/tags?post=238292"}],"curies":[{"name":"wp","href":"https:\/\/api.w.org\/{rel}","templated":true}]}}