{"id":237420,"date":"2022-09-05T15:49:57","date_gmt":"2022-09-05T13:49:57","guid":{"rendered":"https:\/\/polishscience.pl\/?p=237420"},"modified":"2022-09-05T15:49:57","modified_gmt":"2022-09-05T13:49:57","slug":"la-universidad-tecnologica-de-bialystok-una-patrocina-seccion-politecnica-en-la-3-a-escuela-secundaria-de-bialystok","status":"publish","type":"post","link":"https:\/\/www.polishscience.pl\/es\/la-universidad-tecnologica-de-bialystok-una-patrocina-seccion-politecnica-en-la-3-a-escuela-secundaria-de-bialystok\/","title":{"rendered":"La Universidad Tecnol\u00f3gica de Bia\u0142ystok una patrocina secci\u00f3n polit\u00e9cnica en la 3.\u00aa Escuela Secundaria de Bia\u0142ystok"},"content":{"rendered":"<p class=\"western\" lang=\"pl-PL\"><span style=\"font-family: Times New Roman, serif;\"><span style=\"font-size: medium;\"><b>La Universidad Tecnol\u00f3gica de Bia\u0142ystok (PB) ha firmado un acuerdo de patrocinio con la 3.\u00aa Escuela Secundaria de Educaci\u00f3n General Krzysztof Kamil Baczy\u0144ski en Bia\u0142ystok. Como resultado, el 1 de septiembre la secundaria inaugur\u00f3 una nueva secci\u00f3n con perfil polit\u00e9cnico.<\/b><\/span><\/span><\/p>\n<p class=\"western\" lang=\"pl-PL\">\u201e<span style=\"font-family: Times New Roman, serif;\"><span style=\"font-size: medium;\">Estoy convencido de que la cooperaci\u00f3n traer\u00e1 grandes beneficios tanto para la Universidad Tecnol\u00f3gica de Bia\u0142ystok como para la secundaria. Estoy muy contento con esta iniciativa y creo que tal acci\u00f3n marco permitir\u00e1 a los j\u00f3venes desarrollar pasiones t\u00e9cnicas y descubrir sus talentos \u201e, dijo la Dra. Ing. Marta Kosior-Kazberuk, rectora de la Universidad Tecnol\u00f3gica de Bia\u0142ystok.<\/span><\/span><\/p>\n<p class=\"western\" lang=\"pl-PL\"><span style=\"font-family: Times New Roman, serif;\"><span style=\"font-size: medium;\">Los alumnos de secundaria en clases impartidas por estudiantes de la Universidad, clases seleccionadas de f\u00edsica, matem\u00e1ticas o inform\u00e1tica, as\u00ed como en conferencias de divulgaci\u00f3n cient\u00edfica. Adem\u00e1s, se beneficiar\u00e1n de conferencias organizadas en la escuela conducidas por profesores de la Universidad. <\/span><\/span><\/p>\n<p class=\"western\" lang=\"pl-PL\">\n","protected":false},"excerpt":{"rendered":"<p>La Universidad Tecnol\u00f3gica de Bia\u0142ystok (PB) ha firmado un acuerdo de patrocinio con la 3.\u00aa Escuela Secundaria de Educaci\u00f3n General Krzysztof Kamil Baczy\u0144ski en Bia\u0142ystok. Como resultado, el 1 de septiembre la secundaria inaugur\u00f3 una nueva secci\u00f3n con perfil polit\u00e9cnico. \u201eEstoy convencido de que la cooperaci\u00f3n traer\u00e1 grandes beneficios tanto para la Universidad Tecnol\u00f3gica de [&hellip;]<\/p>\n","protected":false},"author":6,"featured_media":237250,"comment_status":"closed","ping_status":"closed","sticky":false,"template":"","format":"standard","meta":[],"categories":[75],"tags":[],"_links":{"self":[{"href":"https:\/\/www.polishscience.pl\/es\/wp-json\/wp\/v2\/posts\/237420"}],"collection":[{"href":"https:\/\/www.polishscience.pl\/es\/wp-json\/wp\/v2\/posts"}],"about":[{"href":"https:\/\/www.polishscience.pl\/es\/wp-json\/wp\/v2\/types\/post"}],"author":[{"embeddable":true,"href":"https:\/\/www.polishscience.pl\/es\/wp-json\/wp\/v2\/users\/6"}],"replies":[{"embeddable":true,"href":"https:\/\/www.polishscience.pl\/es\/wp-json\/wp\/v2\/comments?post=237420"}],"version-history":[{"count":0,"href":"https:\/\/www.polishscience.pl\/es\/wp-json\/wp\/v2\/posts\/237420\/revisions"}],"wp:featuredmedia":[{"embeddable":true,"href":"https:\/\/www.polishscience.pl\/es\/wp-json\/wp\/v2\/media\/237250"}],"wp:attachment":[{"href":"https:\/\/www.polishscience.pl\/es\/wp-json\/wp\/v2\/media?parent=237420"}],"wp:term":[{"taxonomy":"category","embeddable":true,"href":"https:\/\/www.polishscience.pl\/es\/wp-json\/wp\/v2\/categories?post=237420"},{"taxonomy":"post_tag","embeddable":true,"href":"https:\/\/www.polishscience.pl\/es\/wp-json\/wp\/v2\/tags?post=237420"}],"curies":[{"name":"wp","href":"https:\/\/api.w.org\/{rel}","templated":true}]}}