{"id":190531,"date":"2021-08-13T12:13:46","date_gmt":"2021-08-13T10:13:46","guid":{"rendered":"https:\/\/polishscience.pl\/?p=190531"},"modified":"2023-11-24T14:19:24","modified_gmt":"2023-11-24T13:19:24","slug":"investigador-de-la-universidad-de-gdansk-comprobara-las-reacciones-de-las-aves-marinas-al-calentamiento-del-medio-ambiente-artico","status":"publish","type":"post","link":"https:\/\/www.polishscience.pl\/es\/investigador-de-la-universidad-de-gdansk-comprobara-las-reacciones-de-las-aves-marinas-al-calentamiento-del-medio-ambiente-artico\/","title":{"rendered":"Investigador de la Universidad de Gda\u0144sk comprobar\u00e1 las reacciones de las aves marinas al calentamiento del medio ambiente \u00e1rtico"},"content":{"rendered":"<p><strong>La Dra. Martyna Syposz de la Universidad de Gda\u0144sk iniciar\u00e1 la investigaci\u00f3n sobre el impacto del cambio clim\u00e1tico en el comportamiento del m\u00e9rgulo atl\u00e1ntico (<em>Alle alle<\/em>) . Su proyecto \u00abReacciones de las aves marinas al calentamiento del medio ambiente \u00e1rtico\u00bb recibi\u00f3 beca Sonatina 5 del Centro Nacional de Ciencias.<\/strong><\/p>\n<p>Los peque\u00f1os m\u00e9rgulos atl\u00e1nticos, la especia de ave marina m\u00e1s abundante del \u00c1rtico, son una parte clave del ecosistema polar. Tambi\u00e9n son las aves marinas m\u00e1s peque\u00f1as del \u00c1rtico, bien adaptadas para vivir en temperaturas extremadamente bajas. Sin embargo, se sabe poco sobre la influencia del entorno cambiante en las condiciones en el nido o colonia de peque\u00f1as aves.<\/p>\n<p>\u201cNuestro proyecto monitorea los cambios que tienen lugar en el \u00c1rtico al comprender mejor su impacto en un habitante polar clave, los peque\u00f1os alces. Llenaremos los vac\u00edos en el conocimiento del comportamiento social y parental de las aves marinas y ampliaremos nuestro conocimiento del impacto del cambio clim\u00e1tico en las aves marinas\u201d, explica el Dr. Syposz, citado en el sitio web de la Universidad.<\/p>\n<p>M\u00e1s: <a href=\"https:\/\/ug.edu.pl\/news\/pl\/1713\/alczyki-zmiany-klimatyczne-konkurs-sonatina-5\">https:\/\/ug.edu.pl\/news\/pl\/1713\/alczyki-zmiany-klimatyczne-konkurs-sonatina-5<\/a><\/p>\n","protected":false},"excerpt":{"rendered":"<p>La Dra. Martyna Syposz de la Universidad de Gda\u0144sk iniciar\u00e1 la investigaci\u00f3n sobre el impacto del cambio clim\u00e1tico en el comportamiento del m\u00e9rgulo atl\u00e1ntico (Alle alle) . Su proyecto \u00abReacciones de las aves marinas al calentamiento del medio ambiente \u00e1rtico\u00bb recibi\u00f3 beca Sonatina 5 del Centro Nacional de Ciencias. Los peque\u00f1os m\u00e9rgulos atl\u00e1nticos, la especia [&hellip;]<\/p>\n","protected":false},"author":6,"featured_media":0,"comment_status":"closed","ping_status":"closed","sticky":false,"template":"","format":"standard","meta":[],"categories":[81],"tags":[],"_links":{"self":[{"href":"https:\/\/www.polishscience.pl\/es\/wp-json\/wp\/v2\/posts\/190531"}],"collection":[{"href":"https:\/\/www.polishscience.pl\/es\/wp-json\/wp\/v2\/posts"}],"about":[{"href":"https:\/\/www.polishscience.pl\/es\/wp-json\/wp\/v2\/types\/post"}],"author":[{"embeddable":true,"href":"https:\/\/www.polishscience.pl\/es\/wp-json\/wp\/v2\/users\/6"}],"replies":[{"embeddable":true,"href":"https:\/\/www.polishscience.pl\/es\/wp-json\/wp\/v2\/comments?post=190531"}],"version-history":[{"count":1,"href":"https:\/\/www.polishscience.pl\/es\/wp-json\/wp\/v2\/posts\/190531\/revisions"}],"predecessor-version":[{"id":317837,"href":"https:\/\/www.polishscience.pl\/es\/wp-json\/wp\/v2\/posts\/190531\/revisions\/317837"}],"wp:attachment":[{"href":"https:\/\/www.polishscience.pl\/es\/wp-json\/wp\/v2\/media?parent=190531"}],"wp:term":[{"taxonomy":"category","embeddable":true,"href":"https:\/\/www.polishscience.pl\/es\/wp-json\/wp\/v2\/categories?post=190531"},{"taxonomy":"post_tag","embeddable":true,"href":"https:\/\/www.polishscience.pl\/es\/wp-json\/wp\/v2\/tags?post=190531"}],"curies":[{"name":"wp","href":"https:\/\/api.w.org\/{rel}","templated":true}]}}