{"id":189996,"date":"2021-08-10T12:58:02","date_gmt":"2021-08-10T10:58:02","guid":{"rendered":"https:\/\/polishscience.pl\/?p=189996"},"modified":"2021-08-10T14:00:12","modified_gmt":"2021-08-10T12:00:12","slug":"conferencia-cientifica-con-motivo-del-950-aniversario-de-la-fundacion-de-kielce","status":"publish","type":"post","link":"https:\/\/www.polishscience.pl\/es\/conferencia-cientifica-con-motivo-del-950-aniversario-de-la-fundacion-de-kielce\/","title":{"rendered":"Conferencia cient\u00edfica con motivo del 950 aniversario de la fundaci\u00f3n de Kielce"},"content":{"rendered":"<p><strong>El Museo de Historia de Kielce, en cooperaci\u00f3n con el Instituto de Historia de la Universidad Jan Kochanowski de Kielce y la Facultad de Historia de la Universidad Adam Mickiewicz de Pozna\u0144, organiza una conferencia con motivo del 950 aniversario de la fundaci\u00f3n de Kielce.<\/strong><\/p>\n<p>Los organizadores destacan que este aniversario, aunque convencional y discutido por los cient\u00edficos, hace referencia a la tradici\u00f3n de las anteriores celebraciones de la fundaci\u00f3n de la ciudad en 1971 cuyo lema fue \u00abIX siglos de Kielce\u00bb.<\/p>\n<p>El evento tendr\u00e1 lugar los d\u00edas 14 y 15 de octubre de 2021. La conferencia presentar\u00e1 los \u00faltimos hallazgos e investigaciones sobre los or\u00edgenes y el desarrollo de la ciudad en su primera fase medieval y moderna temprana de su fundaci\u00f3n.<\/p>\n<p>En estos temas se enfocar\u00e1 un equipo interdisciplinario de conferencistas: arque\u00f3logos, historiadores, historiadores del arte, archiveros y bibliotecarios representantes de varios centros de investigaci\u00f3n del pa\u00eds.<\/p>\n","protected":false},"excerpt":{"rendered":"<p>El Museo de Historia de Kielce, en cooperaci\u00f3n con el Instituto de Historia de la Universidad Jan Kochanowski de Kielce y la Facultad de Historia de la Universidad Adam Mickiewicz de Pozna\u0144, organiza una conferencia con motivo del 950 aniversario de la fundaci\u00f3n de Kielce. Los organizadores destacan que este aniversario, aunque convencional y discutido [&hellip;]<\/p>\n","protected":false},"author":6,"featured_media":0,"comment_status":"closed","ping_status":"closed","sticky":false,"template":"","format":"standard","meta":[],"categories":[81,77],"tags":[],"_links":{"self":[{"href":"https:\/\/www.polishscience.pl\/es\/wp-json\/wp\/v2\/posts\/189996"}],"collection":[{"href":"https:\/\/www.polishscience.pl\/es\/wp-json\/wp\/v2\/posts"}],"about":[{"href":"https:\/\/www.polishscience.pl\/es\/wp-json\/wp\/v2\/types\/post"}],"author":[{"embeddable":true,"href":"https:\/\/www.polishscience.pl\/es\/wp-json\/wp\/v2\/users\/6"}],"replies":[{"embeddable":true,"href":"https:\/\/www.polishscience.pl\/es\/wp-json\/wp\/v2\/comments?post=189996"}],"version-history":[{"count":0,"href":"https:\/\/www.polishscience.pl\/es\/wp-json\/wp\/v2\/posts\/189996\/revisions"}],"wp:attachment":[{"href":"https:\/\/www.polishscience.pl\/es\/wp-json\/wp\/v2\/media?parent=189996"}],"wp:term":[{"taxonomy":"category","embeddable":true,"href":"https:\/\/www.polishscience.pl\/es\/wp-json\/wp\/v2\/categories?post=189996"},{"taxonomy":"post_tag","embeddable":true,"href":"https:\/\/www.polishscience.pl\/es\/wp-json\/wp\/v2\/tags?post=189996"}],"curies":[{"name":"wp","href":"https:\/\/api.w.org\/{rel}","templated":true}]}}