{"id":181175,"date":"2021-06-02T12:53:44","date_gmt":"2021-06-02T10:53:44","guid":{"rendered":"https:\/\/polishscience.pl\/?p=181175"},"modified":"2021-06-02T14:06:07","modified_gmt":"2021-06-02T12:06:07","slug":"la-universidad-de-agricultura-de-cracovia-acoge-xix-jornadas-nacionales-sobre-insectos","status":"publish","type":"post","link":"https:\/\/www.polishscience.pl\/es\/la-universidad-de-agricultura-de-cracovia-acoge-xix-jornadas-nacionales-sobre-insectos\/","title":{"rendered":"La Universidad de Agricultura de Cracovia acoge XIX Jornadas Nacionales sobre Insectos"},"content":{"rendered":"<p><strong>Del 19 al 20 de junio de 202, la Facultad de Silvicultura de la Universidad de Agricultura de Cracovi acoger\u00e1 las XIX Jornadas Nacionales sobre Insectos.<\/strong><\/p>\n<p>Se presentar\u00e1n colecciones de insectos vivos ex\u00f3ticos y dom\u00e9sticos: plagas, insectos alimenticios, insectos acu\u00e1ticos, copr\u00f3fagos, insectos sociales, forestales y depredadores.<\/p>\n<p>Tambi\u00e9n se presentar\u00e1n ejemplares disecados, im\u00e1genes de alas de mariposa, una colecci\u00f3n de plantas insect\u00edvoras del Jard\u00edn Bot\u00e1nico de la Universidad Jaguel\u00f3nica de Cracovia y fotos sobre entomolog\u00eda. La exposici\u00f3n cuenta tambi\u00e9n con una colecci\u00f3n de mariposas del Museo de Artr\u00f3podos en Bochnia y una colecci\u00f3n de mariposas ex\u00f3ticas de la Casa de las Mariposas en Czaple Wielkie.<\/p>\n<p>Tambi\u00e9n habr\u00e1 conferencias de divulgaci\u00f3n cient\u00edfica y una sesi\u00f3n de pel\u00edculas y fotograf\u00edas dedicadas a la memoria del profesor Adam Grochowalski (empleado fallecido de la Universidad Tecnol\u00f3gica de Cracovia, entusiasta de la fotograf\u00eda entomol\u00f3gica).<\/p>\n","protected":false},"excerpt":{"rendered":"<p>Del 19 al 20 de junio de 202, la Facultad de Silvicultura de la Universidad de Agricultura de Cracovi acoger\u00e1 las XIX Jornadas Nacionales sobre Insectos. Se presentar\u00e1n colecciones de insectos vivos ex\u00f3ticos y dom\u00e9sticos: plagas, insectos alimenticios, insectos acu\u00e1ticos, copr\u00f3fagos, insectos sociales, forestales y depredadores. Tambi\u00e9n se presentar\u00e1n ejemplares disecados, im\u00e1genes de alas de [&hellip;]<\/p>\n","protected":false},"author":6,"featured_media":0,"comment_status":"closed","ping_status":"closed","sticky":false,"template":"","format":"standard","meta":[],"categories":[81],"tags":[],"_links":{"self":[{"href":"https:\/\/www.polishscience.pl\/es\/wp-json\/wp\/v2\/posts\/181175"}],"collection":[{"href":"https:\/\/www.polishscience.pl\/es\/wp-json\/wp\/v2\/posts"}],"about":[{"href":"https:\/\/www.polishscience.pl\/es\/wp-json\/wp\/v2\/types\/post"}],"author":[{"embeddable":true,"href":"https:\/\/www.polishscience.pl\/es\/wp-json\/wp\/v2\/users\/6"}],"replies":[{"embeddable":true,"href":"https:\/\/www.polishscience.pl\/es\/wp-json\/wp\/v2\/comments?post=181175"}],"version-history":[{"count":0,"href":"https:\/\/www.polishscience.pl\/es\/wp-json\/wp\/v2\/posts\/181175\/revisions"}],"wp:attachment":[{"href":"https:\/\/www.polishscience.pl\/es\/wp-json\/wp\/v2\/media?parent=181175"}],"wp:term":[{"taxonomy":"category","embeddable":true,"href":"https:\/\/www.polishscience.pl\/es\/wp-json\/wp\/v2\/categories?post=181175"},{"taxonomy":"post_tag","embeddable":true,"href":"https:\/\/www.polishscience.pl\/es\/wp-json\/wp\/v2\/tags?post=181175"}],"curies":[{"name":"wp","href":"https:\/\/api.w.org\/{rel}","templated":true}]}}