{"id":180658,"date":"2021-05-28T13:08:44","date_gmt":"2021-05-28T11:08:44","guid":{"rendered":"https:\/\/polishscience.pl\/?p=180658"},"modified":"2021-05-28T13:43:50","modified_gmt":"2021-05-28T11:43:50","slug":"se-establece-la-liga-para-la-digitalizacion-de-las-universidades-de-lublin","status":"publish","type":"post","link":"https:\/\/www.polishscience.pl\/es\/se-establece-la-liga-para-la-digitalizacion-de-las-universidades-de-lublin\/","title":{"rendered":"Se establece la Liga para la Digitalizaci\u00f3n de las Universidades de Lublin"},"content":{"rendered":"<p><strong>La cooperaci\u00f3n de las universidades de Lublin en el \u00e1mbito de la Liga de Digitalizaci\u00f3n puede ser la base de su cooperaci\u00f3n sustantiva y una mayor consolidaci\u00f3n, dijo el Ministro de Educaci\u00f3n y Ciencia Przemys\u0142aw Czarnek.<\/strong><\/p>\n<p>El jefe del Ministerio de Ciencia particip\u00f3 en una conferencia dedicada a la creaci\u00f3n de la Liga de Digitalizaci\u00f3n de Universidades de Lublin, a la que asistieron representantes de las universidades p\u00fablicas de Lublin: Universidad Cat\u00f3lica de Lublin, Universidad Maria Curie-Sk\u0142odowska, Universidad Tecnol\u00f3gica de Lublin, Universidad de la Vida de Ciencias y Universidad de Medicina.<\/p>\n<p>La idea de crear la Liga naci\u00f3 en la Universidad de Medicina y se refiere al uso de t\u00e9cnicas digitales modernas en la telemedicina y a la creaci\u00f3n de una base cient\u00edfica com\u00fan y proyectos conjuntos de investigaci\u00f3n y educaci\u00f3n de las universidades de Lublin.<br \/>\nLa plataforma digital conjunta para el aprendizaje y la educaci\u00f3n incluir\u00e1 infraestructura inform\u00e1tica, de archivo y comunicaci\u00f3n, una base de datos de documentaci\u00f3n de resultados de investigaci\u00f3n. La infraestructura abierta de recursos educativos permitir\u00e1 la realizaci\u00f3n de educaci\u00f3n c\u00edvica.<\/p>\n","protected":false},"excerpt":{"rendered":"<p>La cooperaci\u00f3n de las universidades de Lublin en el \u00e1mbito de la Liga de Digitalizaci\u00f3n puede ser la base de su cooperaci\u00f3n sustantiva y una mayor consolidaci\u00f3n, dijo el Ministro de Educaci\u00f3n y Ciencia Przemys\u0142aw Czarnek. El jefe del Ministerio de Ciencia particip\u00f3 en una conferencia dedicada a la creaci\u00f3n de la Liga de Digitalizaci\u00f3n [&hellip;]<\/p>\n","protected":false},"author":6,"featured_media":0,"comment_status":"closed","ping_status":"closed","sticky":false,"template":"","format":"standard","meta":[],"categories":[75],"tags":[],"_links":{"self":[{"href":"https:\/\/www.polishscience.pl\/es\/wp-json\/wp\/v2\/posts\/180658"}],"collection":[{"href":"https:\/\/www.polishscience.pl\/es\/wp-json\/wp\/v2\/posts"}],"about":[{"href":"https:\/\/www.polishscience.pl\/es\/wp-json\/wp\/v2\/types\/post"}],"author":[{"embeddable":true,"href":"https:\/\/www.polishscience.pl\/es\/wp-json\/wp\/v2\/users\/6"}],"replies":[{"embeddable":true,"href":"https:\/\/www.polishscience.pl\/es\/wp-json\/wp\/v2\/comments?post=180658"}],"version-history":[{"count":0,"href":"https:\/\/www.polishscience.pl\/es\/wp-json\/wp\/v2\/posts\/180658\/revisions"}],"wp:attachment":[{"href":"https:\/\/www.polishscience.pl\/es\/wp-json\/wp\/v2\/media?parent=180658"}],"wp:term":[{"taxonomy":"category","embeddable":true,"href":"https:\/\/www.polishscience.pl\/es\/wp-json\/wp\/v2\/categories?post=180658"},{"taxonomy":"post_tag","embeddable":true,"href":"https:\/\/www.polishscience.pl\/es\/wp-json\/wp\/v2\/tags?post=180658"}],"curies":[{"name":"wp","href":"https:\/\/api.w.org\/{rel}","templated":true}]}}