{"id":173811,"date":"2021-04-06T13:09:43","date_gmt":"2021-04-06T11:09:43","guid":{"rendered":"https:\/\/polishscience.pl\/?p=173811"},"modified":"2021-04-06T18:15:21","modified_gmt":"2021-04-06T16:15:21","slug":"la-universidad-de-wroclaw-organiza-el-foro-de-derecho-de-los-medios-electronicos","status":"publish","type":"post","link":"https:\/\/www.polishscience.pl\/es\/la-universidad-de-wroclaw-organiza-el-foro-de-derecho-de-los-medios-electronicos\/","title":{"rendered":"La Universidad de Wroc\u0142aw organiza el Foro de Derecho de los Medios Electr\u00f3nicos"},"content":{"rendered":"<p><strong>La Universidad de Wroc\u0142aw organiza el 7\u00ba Foro de Derecho de los Medios Electr\u00f3nicos \u00abDerecho de las nuevas tecnolog\u00edas ante la pandemia de COVID-19\u00bb. El objetivo de la jornada, que se desarrollar\u00e1 del 12 al 14 de abril de forma virtual, es reunir a entusiastas interesados en ampliar sus conocimientos en el campo del derecho de las nuevas tecnolog\u00edas, informa la Universidad.<\/strong><\/p>\n<p>La conferencia est\u00e1 organizada por las Universidades de Wroc\u0142aw; Opole, Szczecin y la C\u00e1mara de Asesores Jur\u00eddicos de Distrito de Wroc\u0142aw, Currenda Sp. z o. o. y el Centro Cient\u00edfico y de Formaci\u00f3n del Consejo Nacional de Agentes Judiciales . El tema de la reuni\u00f3n ser\u00e1 la ley de las nuevas tecnolog\u00edas, incluidas las cuestiones relacionadas con la justicia electr\u00f3nica, la privacidad electr\u00f3nica y la salud electr\u00f3nica.<\/p>\n<p>El evento es un foro c\u00edclico para el intercambio de pensamientos y experiencias entre destacados cient\u00edficos y profesionales interesados en los temas de la ley de medios electr\u00f3nicos. Su objetivo tambi\u00e9n es integrar a cient\u00edficos y profesionales que se ocupan de cuestiones relacionadas con la ley de medios electr\u00f3nicos.<\/p>\n","protected":false},"excerpt":{"rendered":"<p>La Universidad de Wroc\u0142aw organiza el 7\u00ba Foro de Derecho de los Medios Electr\u00f3nicos \u00abDerecho de las nuevas tecnolog\u00edas ante la pandemia de COVID-19\u00bb. El objetivo de la jornada, que se desarrollar\u00e1 del 12 al 14 de abril de forma virtual, es reunir a entusiastas interesados en ampliar sus conocimientos en el campo del derecho [&hellip;]<\/p>\n","protected":false},"author":6,"featured_media":0,"comment_status":"closed","ping_status":"closed","sticky":false,"template":"","format":"standard","meta":[],"categories":[81],"tags":[],"_links":{"self":[{"href":"https:\/\/www.polishscience.pl\/es\/wp-json\/wp\/v2\/posts\/173811"}],"collection":[{"href":"https:\/\/www.polishscience.pl\/es\/wp-json\/wp\/v2\/posts"}],"about":[{"href":"https:\/\/www.polishscience.pl\/es\/wp-json\/wp\/v2\/types\/post"}],"author":[{"embeddable":true,"href":"https:\/\/www.polishscience.pl\/es\/wp-json\/wp\/v2\/users\/6"}],"replies":[{"embeddable":true,"href":"https:\/\/www.polishscience.pl\/es\/wp-json\/wp\/v2\/comments?post=173811"}],"version-history":[{"count":0,"href":"https:\/\/www.polishscience.pl\/es\/wp-json\/wp\/v2\/posts\/173811\/revisions"}],"wp:attachment":[{"href":"https:\/\/www.polishscience.pl\/es\/wp-json\/wp\/v2\/media?parent=173811"}],"wp:term":[{"taxonomy":"category","embeddable":true,"href":"https:\/\/www.polishscience.pl\/es\/wp-json\/wp\/v2\/categories?post=173811"},{"taxonomy":"post_tag","embeddable":true,"href":"https:\/\/www.polishscience.pl\/es\/wp-json\/wp\/v2\/tags?post=173811"}],"curies":[{"name":"wp","href":"https:\/\/api.w.org\/{rel}","templated":true}]}}