{"id":173459,"date":"2021-04-02T13:25:46","date_gmt":"2021-04-02T11:25:46","guid":{"rendered":"https:\/\/polishscience.pl\/?p=173459"},"modified":"2021-04-02T13:25:46","modified_gmt":"2021-04-02T11:25:46","slug":"lenguaje-del-autismo-2021","status":"publish","type":"post","link":"https:\/\/www.polishscience.pl\/es\/lenguaje-del-autismo-2021\/","title":{"rendered":"Lenguaje del autismo 2021"},"content":{"rendered":"<p><strong>Con el motivo de las Jornadas del Autismo de Lublin, el Centro de Apoyo Acad\u00e9mico junto con el Equipo de Apoyo a Personas con Discapacidades de la Universidad Maria Curie Sk\u0142odowska (UMCS) de Lublin organizan el evento \u00bb Lenguaje del autismo 2021&#8243;.<\/strong><\/p>\n<p>\u00abLenguaje del autismo\u00bb es un proyecto destinado a familiarizar a un p\u00fablico amplio con cuestiones relacionadas con el espectro de los trastornos autistas. Con este objetivo se organizar\u00e1 una serie de eventos que se desenrollar\u00e1n del 2 al 30 de abril de 2021, incluyendo proyecciones de pel\u00edculas, una serie de talleres de capacitaci\u00f3n y seminarios web, un cuestionario de conocimientos, publicaci\u00f3n de una serie de podcasts y consultas especializadas para padres y tutores. Debido a la situaci\u00f3n de la epidemia, todos los eventos se llevar\u00e1n a cabo de forma virtual.<\/p>\n<p>El Centro de Apoyo Acad\u00e9mico que opera en UMCS quiere aumentar la conciencia social en esta \u00e1rea, ayudar a comprender la especificidad del funcionamiento de las personas afectadas por el autismo, as\u00ed como identificar y promover patrones positivos en el campo de la terapia y la integraci\u00f3n, informa Magdalena Drwal del Centro de Prensa de la UMCS.<\/p>\n","protected":false},"excerpt":{"rendered":"<p>Con el motivo de las Jornadas del Autismo de Lublin, el Centro de Apoyo Acad\u00e9mico junto con el Equipo de Apoyo a Personas con Discapacidades de la Universidad Maria Curie Sk\u0142odowska (UMCS) de Lublin organizan el evento \u00bb Lenguaje del autismo 2021&#8243;. \u00abLenguaje del autismo\u00bb es un proyecto destinado a familiarizar a un p\u00fablico amplio [&hellip;]<\/p>\n","protected":false},"author":6,"featured_media":0,"comment_status":"closed","ping_status":"closed","sticky":false,"template":"","format":"standard","meta":[],"categories":[81],"tags":[],"_links":{"self":[{"href":"https:\/\/www.polishscience.pl\/es\/wp-json\/wp\/v2\/posts\/173459"}],"collection":[{"href":"https:\/\/www.polishscience.pl\/es\/wp-json\/wp\/v2\/posts"}],"about":[{"href":"https:\/\/www.polishscience.pl\/es\/wp-json\/wp\/v2\/types\/post"}],"author":[{"embeddable":true,"href":"https:\/\/www.polishscience.pl\/es\/wp-json\/wp\/v2\/users\/6"}],"replies":[{"embeddable":true,"href":"https:\/\/www.polishscience.pl\/es\/wp-json\/wp\/v2\/comments?post=173459"}],"version-history":[{"count":0,"href":"https:\/\/www.polishscience.pl\/es\/wp-json\/wp\/v2\/posts\/173459\/revisions"}],"wp:attachment":[{"href":"https:\/\/www.polishscience.pl\/es\/wp-json\/wp\/v2\/media?parent=173459"}],"wp:term":[{"taxonomy":"category","embeddable":true,"href":"https:\/\/www.polishscience.pl\/es\/wp-json\/wp\/v2\/categories?post=173459"},{"taxonomy":"post_tag","embeddable":true,"href":"https:\/\/www.polishscience.pl\/es\/wp-json\/wp\/v2\/tags?post=173459"}],"curies":[{"name":"wp","href":"https:\/\/api.w.org\/{rel}","templated":true}]}}