{"id":166629,"date":"2021-02-11T12:02:36","date_gmt":"2021-02-11T11:02:36","guid":{"rendered":"https:\/\/polishscience.pl\/?p=166629"},"modified":"2021-02-11T14:07:44","modified_gmt":"2021-02-11T13:07:44","slug":"conferencia-cientifica-y-artistica-rostros-de-la-guitarra-en-la-investigacion-cientifica","status":"publish","type":"post","link":"https:\/\/www.polishscience.pl\/es\/conferencia-cientifica-y-artistica-rostros-de-la-guitarra-en-la-investigacion-cientifica\/","title":{"rendered":"Conferencia Cient\u00edfica y Art\u00edstica \u00abRostros de la guitarra en la investigaci\u00f3n cient\u00edfica\u00bb"},"content":{"rendered":"<p><strong>El Departamento de M\u00fasica y Escuela de Doctorado de la Universidad de Humanidades y Ciencias de Cz\u0119stochowa invita a la Conferencia Internacional Cient\u00edfica y Art\u00edstica de Estudiantes de Doctorado y J\u00f3venes Cient\u00edficos \u00abRostros de la guitarra en la investigaci\u00f3n cient\u00edfica\u00bb. El evento se desarrollar\u00e1 los d\u00edas 28 y 29 de abril.<\/strong><\/p>\n<p>El objetivo de la conferencia es brindar a los j\u00f3venes cient\u00edficos, cuyas actividades est\u00e1n relacionadas con los estudios de la guitarra, la oportunidad de dar a conocer sus investigaciones y consideraciones sobre la interpretaci\u00f3n instrumental, la historia del instrumento y la metodolog\u00eda de ense\u00f1anza. La conferencia intercambiar ideas art\u00edsticas y adquirir experiencia en la difusi\u00f3n de su investigaci\u00f3n de una manera moderna.<\/p>\n<p>La conferencia, debido a la pandemia de Covid-19, se organizar\u00e1 de forma virtual. Las solicitudes de participaci\u00f3n se aceptan hasta el 15 de marzo, el registro de participantes pasivos dura hasta el 15 de abril.<\/p>\n","protected":false},"excerpt":{"rendered":"<p>El Departamento de M\u00fasica y Escuela de Doctorado de la Universidad de Humanidades y Ciencias de Cz\u0119stochowa invita a la Conferencia Internacional Cient\u00edfica y Art\u00edstica de Estudiantes de Doctorado y J\u00f3venes Cient\u00edficos \u00abRostros de la guitarra en la investigaci\u00f3n cient\u00edfica\u00bb. El evento se desarrollar\u00e1 los d\u00edas 28 y 29 de abril. El objetivo de la [&hellip;]<\/p>\n","protected":false},"author":6,"featured_media":0,"comment_status":"closed","ping_status":"closed","sticky":false,"template":"","format":"standard","meta":[],"categories":[81],"tags":[],"_links":{"self":[{"href":"https:\/\/www.polishscience.pl\/es\/wp-json\/wp\/v2\/posts\/166629"}],"collection":[{"href":"https:\/\/www.polishscience.pl\/es\/wp-json\/wp\/v2\/posts"}],"about":[{"href":"https:\/\/www.polishscience.pl\/es\/wp-json\/wp\/v2\/types\/post"}],"author":[{"embeddable":true,"href":"https:\/\/www.polishscience.pl\/es\/wp-json\/wp\/v2\/users\/6"}],"replies":[{"embeddable":true,"href":"https:\/\/www.polishscience.pl\/es\/wp-json\/wp\/v2\/comments?post=166629"}],"version-history":[{"count":0,"href":"https:\/\/www.polishscience.pl\/es\/wp-json\/wp\/v2\/posts\/166629\/revisions"}],"wp:attachment":[{"href":"https:\/\/www.polishscience.pl\/es\/wp-json\/wp\/v2\/media?parent=166629"}],"wp:term":[{"taxonomy":"category","embeddable":true,"href":"https:\/\/www.polishscience.pl\/es\/wp-json\/wp\/v2\/categories?post=166629"},{"taxonomy":"post_tag","embeddable":true,"href":"https:\/\/www.polishscience.pl\/es\/wp-json\/wp\/v2\/tags?post=166629"}],"curies":[{"name":"wp","href":"https:\/\/api.w.org\/{rel}","templated":true}]}}