{"id":165942,"date":"2021-02-08T10:38:34","date_gmt":"2021-02-08T09:38:34","guid":{"rendered":"https:\/\/polishscience.pl\/?p=165942"},"modified":"2021-02-08T11:45:14","modified_gmt":"2021-02-08T10:45:14","slug":"conferencia-cientifica-crimenes-historia-sociedad-cultura-y-medios-de-comunicacion","status":"publish","type":"post","link":"https:\/\/www.polishscience.pl\/es\/conferencia-cientifica-crimenes-historia-sociedad-cultura-y-medios-de-comunicacion\/","title":{"rendered":"Conferencia cient\u00edfica \u00bb Cr\u00edmenes: historia, sociedad, cultura y medios de comunicaci\u00f3n\u00bb"},"content":{"rendered":"<p><strong>Del 13 al 14 de febrero de 2021, se desarrollara la conferencia cient\u00edfica nacional \u00abCr\u00edmenes: historia, sociedad, cultura y medios de comunicaci\u00f3n\u201d, organizada por el Centro de Investigaci\u00f3n Facta Ficta, el Instituto de Ling\u00fc\u00edstica y Literatura de la Universidad de Ciencias Naturales y Humanidades de Siedlce y el Departamento de Estudios Comparados de Civilizaci\u00f3n de la Universidad Jaguel\u00f3nica de Cracovia.<\/strong><\/p>\n<p>Seg\u00fan los organizadores, los cr\u00edmenes y sus autores son uno de los temas m\u00e1s representados que han aparecido en la cultura desde sus inicios y que tambi\u00e9n domina las noticias de hoy.<\/p>\n<p>Los principales temas elegidos para la conferencia incluyen: medios contempor\u00e1neos y redes sociales contra el crimen; el crimen como sensaci\u00f3n; literatura criminal en Polonia y en el mundo, narrativas criminales, autores de historias criminales; cultura y crimen (literatura, cine, series, videojuegos, historietas); historia del crimen: tiran\u00eda, genocidio, cr\u00edmenes de guerra; asesinos en serie, m\u00faltiples y en masa; delitos y religi\u00f3n.<\/p>\n","protected":false},"excerpt":{"rendered":"<p>Del 13 al 14 de febrero de 2021, se desarrollara la conferencia cient\u00edfica nacional \u00abCr\u00edmenes: historia, sociedad, cultura y medios de comunicaci\u00f3n\u201d, organizada por el Centro de Investigaci\u00f3n Facta Ficta, el Instituto de Ling\u00fc\u00edstica y Literatura de la Universidad de Ciencias Naturales y Humanidades de Siedlce y el Departamento de Estudios Comparados de Civilizaci\u00f3n de [&hellip;]<\/p>\n","protected":false},"author":6,"featured_media":0,"comment_status":"closed","ping_status":"closed","sticky":false,"template":"","format":"standard","meta":[],"categories":[81,77],"tags":[],"_links":{"self":[{"href":"https:\/\/www.polishscience.pl\/es\/wp-json\/wp\/v2\/posts\/165942"}],"collection":[{"href":"https:\/\/www.polishscience.pl\/es\/wp-json\/wp\/v2\/posts"}],"about":[{"href":"https:\/\/www.polishscience.pl\/es\/wp-json\/wp\/v2\/types\/post"}],"author":[{"embeddable":true,"href":"https:\/\/www.polishscience.pl\/es\/wp-json\/wp\/v2\/users\/6"}],"replies":[{"embeddable":true,"href":"https:\/\/www.polishscience.pl\/es\/wp-json\/wp\/v2\/comments?post=165942"}],"version-history":[{"count":0,"href":"https:\/\/www.polishscience.pl\/es\/wp-json\/wp\/v2\/posts\/165942\/revisions"}],"wp:attachment":[{"href":"https:\/\/www.polishscience.pl\/es\/wp-json\/wp\/v2\/media?parent=165942"}],"wp:term":[{"taxonomy":"category","embeddable":true,"href":"https:\/\/www.polishscience.pl\/es\/wp-json\/wp\/v2\/categories?post=165942"},{"taxonomy":"post_tag","embeddable":true,"href":"https:\/\/www.polishscience.pl\/es\/wp-json\/wp\/v2\/tags?post=165942"}],"curies":[{"name":"wp","href":"https:\/\/api.w.org\/{rel}","templated":true}]}}