{"id":165567,"date":"2021-02-05T10:47:20","date_gmt":"2021-02-05T09:47:20","guid":{"rendered":"https:\/\/polishscience.pl\/?p=165567"},"modified":"2021-02-05T12:50:18","modified_gmt":"2021-02-05T11:50:18","slug":"el-ministro-czarnek-visita-la-sucursal-de-la-academia-de-educacion-fisica-en-biala-podlaska","status":"publish","type":"post","link":"https:\/\/www.polishscience.pl\/es\/el-ministro-czarnek-visita-la-sucursal-de-la-academia-de-educacion-fisica-en-biala-podlaska\/","title":{"rendered":"El ministro Czarnek visita la sucursal de la Academia de Educaci\u00f3n F\u00edsica en Bia\u0142a Podlaska"},"content":{"rendered":"<p><strong>En la sucursal de Varsovia de la Academia de Educaci\u00f3n F\u00edsica (AWF) en Bia\u0142a Podlaska, se celebr\u00f3 una reuni\u00f3n de representantes de la comunidad cient\u00edfica con el Ministro de Educaci\u00f3n y Ciencia Przemys\u0142aw Czarnek, con el prop\u00f3sito de la inauguraci\u00f3n de un proyecto sobre la lucha contra la obesidad en ni\u00f1os de primaria.<\/strong><\/p>\n<p>El jefe del Ministerio de Ciencia, Przemys\u0142aw Czarnek, refiri\u00e9ndose a la investigaci\u00f3n presentada durante la reuni\u00f3n, afirm\u00f3 que \u00absolo en los a\u00f1os 2014-2018, el aumento de peso entre los ni\u00f1os ascendi\u00f3 al 2%. Este es el peor resultado en Europa. Somos la sociedad donde los j\u00f3venes aumentan de peso m\u00e1s r\u00e1pido. Por eso, se deben tomar ciertas acciones inmediatamente\u201d, enfatiz\u00f3 el ministro Czarnek.<\/p>\n<p>\u00abQueremos complementar el programa de los clubes deportivos escolares para alentar a los ni\u00f1os a moverse con actividades que combatir\u00e1n de manera m\u00e1s efectiva el problema de la obesidad\u201d, agreg\u00f3 el ministro.<\/p>\n","protected":false},"excerpt":{"rendered":"<p>En la sucursal de Varsovia de la Academia de Educaci\u00f3n F\u00edsica (AWF) en Bia\u0142a Podlaska, se celebr\u00f3 una reuni\u00f3n de representantes de la comunidad cient\u00edfica con el Ministro de Educaci\u00f3n y Ciencia Przemys\u0142aw Czarnek, con el prop\u00f3sito de la inauguraci\u00f3n de un proyecto sobre la lucha contra la obesidad en ni\u00f1os de primaria. El jefe [&hellip;]<\/p>\n","protected":false},"author":6,"featured_media":0,"comment_status":"closed","ping_status":"closed","sticky":false,"template":"","format":"standard","meta":[],"categories":[75],"tags":[],"_links":{"self":[{"href":"https:\/\/www.polishscience.pl\/es\/wp-json\/wp\/v2\/posts\/165567"}],"collection":[{"href":"https:\/\/www.polishscience.pl\/es\/wp-json\/wp\/v2\/posts"}],"about":[{"href":"https:\/\/www.polishscience.pl\/es\/wp-json\/wp\/v2\/types\/post"}],"author":[{"embeddable":true,"href":"https:\/\/www.polishscience.pl\/es\/wp-json\/wp\/v2\/users\/6"}],"replies":[{"embeddable":true,"href":"https:\/\/www.polishscience.pl\/es\/wp-json\/wp\/v2\/comments?post=165567"}],"version-history":[{"count":0,"href":"https:\/\/www.polishscience.pl\/es\/wp-json\/wp\/v2\/posts\/165567\/revisions"}],"wp:attachment":[{"href":"https:\/\/www.polishscience.pl\/es\/wp-json\/wp\/v2\/media?parent=165567"}],"wp:term":[{"taxonomy":"category","embeddable":true,"href":"https:\/\/www.polishscience.pl\/es\/wp-json\/wp\/v2\/categories?post=165567"},{"taxonomy":"post_tag","embeddable":true,"href":"https:\/\/www.polishscience.pl\/es\/wp-json\/wp\/v2\/tags?post=165567"}],"curies":[{"name":"wp","href":"https:\/\/api.w.org\/{rel}","templated":true}]}}