{"id":165143,"date":"2021-02-02T15:24:50","date_gmt":"2021-02-02T14:24:50","guid":{"rendered":"https:\/\/polishscience.pl\/?p=165143"},"modified":"2021-02-03T15:29:12","modified_gmt":"2021-02-03T14:29:12","slug":"la-universidad-tecnologica-de-opole-inicia-la-cooperacion-con-el-fondo-estatal-para-la-rehabilitacion-de-personas-con-discapacidad","status":"publish","type":"post","link":"https:\/\/www.polishscience.pl\/es\/la-universidad-tecnologica-de-opole-inicia-la-cooperacion-con-el-fondo-estatal-para-la-rehabilitacion-de-personas-con-discapacidad\/","title":{"rendered":"La Universidad Tecnol\u00f3gica de Opole inicia la cooperaci\u00f3n con el Fondo Estatal para la Rehabilitaci\u00f3n de Personas con Discapacidad"},"content":{"rendered":"<p><strong>La Universidad Tecnol\u00f3gica de Opole firm\u00f3 un acuerdo con el Fondo Estatal para la Rehabilitaci\u00f3n de Personas con Discapacidad. El documento prev\u00e9 actividades de activaci\u00f3n de personas con discapacidad, apoyo a estas personas en la implementaci\u00f3n del proceso educativo, organizaci\u00f3n de formaci\u00f3n conjunta y b\u00fasqueda de fuentes de financiaci\u00f3n de iniciativas en el \u00e1mbito de la educaci\u00f3n de personas con discapacidad.<\/strong><\/p>\n<p>\u201cLa cooperaci\u00f3n con las instituciones, especialmente las universidades, es muy importante para nosotros. Espero que este sea el punto de partida para realizar esfuerzos m\u00e1s amplios\u201ds, dice \u0141ukasz \u017bmuda, director de la sucursal del Fondo en Opole.<\/p>\n<p>El convenio firmado no es la primera iniciativa de la Universidad Tecnol\u00f3gica de Opole para personas con discapacidad. El a\u00f1o pasado, cre\u00f3 la Oficina de Apoyo a las Personas con Discapacidad, elimin\u00f3 muchas barreras arquitect\u00f3nicas, hizo sonar los sitios web, tambi\u00e9n compr\u00f3 lectores de biblioteca, sillas de ruedas y Face Controller, una computadora controlada por expresiones faciales.<\/p>\n<p>M\u00e1s: <a href=\"https:\/\/wu.po.opole.pl\/politechnika-opolska-rozpoczyna-wspolprace-z-pfron\/\">https:\/\/wu.po.opole.pl\/politechnika-opolska-rozpoczyna-wspolprace-z-pfron\/<\/a><\/p>\n","protected":false},"excerpt":{"rendered":"<p>La Universidad Tecnol\u00f3gica de Opole firm\u00f3 un acuerdo con el Fondo Estatal para la Rehabilitaci\u00f3n de Personas con Discapacidad. El documento prev\u00e9 actividades de activaci\u00f3n de personas con discapacidad, apoyo a estas personas en la implementaci\u00f3n del proceso educativo, organizaci\u00f3n de formaci\u00f3n conjunta y b\u00fasqueda de fuentes de financiaci\u00f3n de iniciativas en el \u00e1mbito de [&hellip;]<\/p>\n","protected":false},"author":6,"featured_media":0,"comment_status":"closed","ping_status":"closed","sticky":false,"template":"","format":"standard","meta":[],"categories":[75],"tags":[],"_links":{"self":[{"href":"https:\/\/www.polishscience.pl\/es\/wp-json\/wp\/v2\/posts\/165143"}],"collection":[{"href":"https:\/\/www.polishscience.pl\/es\/wp-json\/wp\/v2\/posts"}],"about":[{"href":"https:\/\/www.polishscience.pl\/es\/wp-json\/wp\/v2\/types\/post"}],"author":[{"embeddable":true,"href":"https:\/\/www.polishscience.pl\/es\/wp-json\/wp\/v2\/users\/6"}],"replies":[{"embeddable":true,"href":"https:\/\/www.polishscience.pl\/es\/wp-json\/wp\/v2\/comments?post=165143"}],"version-history":[{"count":0,"href":"https:\/\/www.polishscience.pl\/es\/wp-json\/wp\/v2\/posts\/165143\/revisions"}],"wp:attachment":[{"href":"https:\/\/www.polishscience.pl\/es\/wp-json\/wp\/v2\/media?parent=165143"}],"wp:term":[{"taxonomy":"category","embeddable":true,"href":"https:\/\/www.polishscience.pl\/es\/wp-json\/wp\/v2\/categories?post=165143"},{"taxonomy":"post_tag","embeddable":true,"href":"https:\/\/www.polishscience.pl\/es\/wp-json\/wp\/v2\/tags?post=165143"}],"curies":[{"name":"wp","href":"https:\/\/api.w.org\/{rel}","templated":true}]}}