{"id":165089,"date":"2021-02-02T12:02:04","date_gmt":"2021-02-02T11:02:04","guid":{"rendered":"https:\/\/polishscience.pl\/?p=165089"},"modified":"2021-02-03T14:08:08","modified_gmt":"2021-02-03T13:08:08","slug":"la-universidad-de-varsovia-lanza-la-campana-ayudemos","status":"publish","type":"post","link":"https:\/\/www.polishscience.pl\/es\/la-universidad-de-varsovia-lanza-la-campana-ayudemos\/","title":{"rendered":"La Universidad de Varsovia lanza la campa\u00f1a \u00abAyudemos\u00bb"},"content":{"rendered":"<p><strong>\u00abAyudemos\u00bb es una iniciativa organizada por el Autogobierno de Estudiantes de la Universidad de Varsovia (UW) con la finalidad de difundir conocimientos sobre c\u00f3mo afrontar el estr\u00e9s.<\/strong><\/p>\n<p>Adem\u00e1s, los organizadores pretenden popularizar el conocimiento sobre el estr\u00e9s y los m\u00e9todos para afrontarlo, combatir la estigmatizaci\u00f3n de conceptos como depresi\u00f3n, psic\u00f3logo, psiquiatra o psicoterapeuta, y promover formas de apoyo ofrecidas por el Centro de Ayuda Psicol\u00f3gica y Oficina de Atenci\u00f3n a Personas con Discapacidad.<\/p>\n<p>\u201cTodos y cada uno de nosotros, independientemente de nuestra salud, incluida la salud mental, tenemos derecho a funcionar igualmente en la universidad. Por lo tanto, es importante informar a los miembros de nuestra comunidad sobre la asistencia ofrecida en la Universidad de Varsovia, que garantiza la igualdad de oportunidades y el apoyo en las situaciones de crisis\u201d, dijo Jan Wieczorek, portavoz de los derechos de los estudiantes en la Universidad de Varsovia, en una entrevista con la Radio Eska.<\/p>\n","protected":false},"excerpt":{"rendered":"<p>\u00abAyudemos\u00bb es una iniciativa organizada por el Autogobierno de Estudiantes de la Universidad de Varsovia (UW) con la finalidad de difundir conocimientos sobre c\u00f3mo afrontar el estr\u00e9s. Adem\u00e1s, los organizadores pretenden popularizar el conocimiento sobre el estr\u00e9s y los m\u00e9todos para afrontarlo, combatir la estigmatizaci\u00f3n de conceptos como depresi\u00f3n, psic\u00f3logo, psiquiatra o psicoterapeuta, y promover [&hellip;]<\/p>\n","protected":false},"author":6,"featured_media":0,"comment_status":"closed","ping_status":"closed","sticky":false,"template":"","format":"standard","meta":[],"categories":[75],"tags":[],"_links":{"self":[{"href":"https:\/\/www.polishscience.pl\/es\/wp-json\/wp\/v2\/posts\/165089"}],"collection":[{"href":"https:\/\/www.polishscience.pl\/es\/wp-json\/wp\/v2\/posts"}],"about":[{"href":"https:\/\/www.polishscience.pl\/es\/wp-json\/wp\/v2\/types\/post"}],"author":[{"embeddable":true,"href":"https:\/\/www.polishscience.pl\/es\/wp-json\/wp\/v2\/users\/6"}],"replies":[{"embeddable":true,"href":"https:\/\/www.polishscience.pl\/es\/wp-json\/wp\/v2\/comments?post=165089"}],"version-history":[{"count":0,"href":"https:\/\/www.polishscience.pl\/es\/wp-json\/wp\/v2\/posts\/165089\/revisions"}],"wp:attachment":[{"href":"https:\/\/www.polishscience.pl\/es\/wp-json\/wp\/v2\/media?parent=165089"}],"wp:term":[{"taxonomy":"category","embeddable":true,"href":"https:\/\/www.polishscience.pl\/es\/wp-json\/wp\/v2\/categories?post=165089"},{"taxonomy":"post_tag","embeddable":true,"href":"https:\/\/www.polishscience.pl\/es\/wp-json\/wp\/v2\/tags?post=165089"}],"curies":[{"name":"wp","href":"https:\/\/api.w.org\/{rel}","templated":true}]}}