{"id":165081,"date":"2021-02-02T13:43:20","date_gmt":"2021-02-02T12:43:20","guid":{"rendered":"https:\/\/polishscience.pl\/?p=165081"},"modified":"2021-06-02T14:44:52","modified_gmt":"2021-06-02T12:44:52","slug":"el-ministro-de-educacion-y-ciencia-anuncio-la-creacion-de-una-nueva-disciplina-cientifica","status":"publish","type":"post","link":"https:\/\/www.polishscience.pl\/es\/el-ministro-de-educacion-y-ciencia-anuncio-la-creacion-de-una-nueva-disciplina-cientifica\/","title":{"rendered":"El ministro de Educaci\u00f3n y Ciencia anunci\u00f3 la creaci\u00f3n de una nueva disciplina cient\u00edfica"},"content":{"rendered":"<p><strong>\u201cLa ciencia es una b\u00fasqueda de la verdad, si no busca la verdad, es una adoraci\u00f3n de la estupidez, la vemos hoy en muchos aspectos del funcionamiento de las universidades polacas\u201d,\u00a0 dijo el ministro de Educaci\u00f3n y Ciencia Przemys\u0142aw Czarnek, durante su visita en la Universidad Cat\u00f3lica de Lublin.<\/strong><\/p>\n<p>El ministro de Educaci\u00f3n y Ciencia tambi\u00e9n anunci\u00f3 la creaci\u00f3n de una nueva disciplina cient\u00edfica &#8211; estudios de familia.<\/p>\n<p>\u00abLa tarea de las universidades es educar, y esto solo se puede lograr buscando la verdad. Solo cuando la universidad despierta el deseo por la verdad y las personas adquieren su visi\u00f3n del mundo, los profesores pueden lograr la satisfacci\u00f3n de un deber bien cumplido\u201d, dijo Przemys\u0142aw Czarnek.<\/p>\n<p>El ministro cit\u00f3 las palabras del cardenal Stefan Wyszy\u0144ski que \u00abla tarea m\u00e1s importante de la ciencia cat\u00f3lica en tiempos de crisis terribles ser\u00e1 reconocer la naturaleza inherente del ser humano\u00bb.<\/p>\n","protected":false},"excerpt":{"rendered":"<p>\u201cLa ciencia es una b\u00fasqueda de la verdad, si no busca la verdad, es una adoraci\u00f3n de la estupidez, la vemos hoy en muchos aspectos del funcionamiento de las universidades polacas\u201d,\u00a0 dijo el ministro de Educaci\u00f3n y Ciencia Przemys\u0142aw Czarnek, durante su visita en la Universidad Cat\u00f3lica de Lublin. El ministro de Educaci\u00f3n y Ciencia [&hellip;]<\/p>\n","protected":false},"author":6,"featured_media":0,"comment_status":"closed","ping_status":"closed","sticky":false,"template":"","format":"standard","meta":[],"categories":[75],"tags":[],"_links":{"self":[{"href":"https:\/\/www.polishscience.pl\/es\/wp-json\/wp\/v2\/posts\/165081"}],"collection":[{"href":"https:\/\/www.polishscience.pl\/es\/wp-json\/wp\/v2\/posts"}],"about":[{"href":"https:\/\/www.polishscience.pl\/es\/wp-json\/wp\/v2\/types\/post"}],"author":[{"embeddable":true,"href":"https:\/\/www.polishscience.pl\/es\/wp-json\/wp\/v2\/users\/6"}],"replies":[{"embeddable":true,"href":"https:\/\/www.polishscience.pl\/es\/wp-json\/wp\/v2\/comments?post=165081"}],"version-history":[{"count":0,"href":"https:\/\/www.polishscience.pl\/es\/wp-json\/wp\/v2\/posts\/165081\/revisions"}],"wp:attachment":[{"href":"https:\/\/www.polishscience.pl\/es\/wp-json\/wp\/v2\/media?parent=165081"}],"wp:term":[{"taxonomy":"category","embeddable":true,"href":"https:\/\/www.polishscience.pl\/es\/wp-json\/wp\/v2\/categories?post=165081"},{"taxonomy":"post_tag","embeddable":true,"href":"https:\/\/www.polishscience.pl\/es\/wp-json\/wp\/v2\/tags?post=165081"}],"curies":[{"name":"wp","href":"https:\/\/api.w.org\/{rel}","templated":true}]}}