{"id":165034,"date":"2021-02-01T09:55:33","date_gmt":"2021-02-01T08:55:33","guid":{"rendered":"https:\/\/polishscience.pl\/?p=165034"},"modified":"2021-02-03T10:58:41","modified_gmt":"2021-02-03T09:58:41","slug":"la-radio-polaca-y-la-universidad-catolica-de-lublin-firman-acuerdo-de-cooperacion-a-largo-plazo","status":"publish","type":"post","link":"https:\/\/www.polishscience.pl\/es\/la-radio-polaca-y-la-universidad-catolica-de-lublin-firman-acuerdo-de-cooperacion-a-largo-plazo\/","title":{"rendered":"La Radio Polaca y la Universidad Cat\u00f3lica de Lublin firman acuerdo de cooperaci\u00f3n a largo plazo"},"content":{"rendered":"<p>El jueves 28 de enero, la Radio Polaca y la Universidad Cat\u00f3lica de Lublin (KUL) firmaron un acuerdo de cooperaci\u00f3n multifac\u00e9tica a largo plazo en la sede de la Radio Polaca en Varsovia.<\/p>\n<p>La cooperaci\u00f3n incluir\u00e1 \u201cactividades multimedia destinadas a promover los valores patri\u00f3ticos y cristianos\u00bb a los estudiantes formaci\u00f3n period\u00edstica. La KUL tambi\u00e9n ofrecer\u00e1 concomientos de sus expertos, y la radio polaca proporcionar\u00e1 a los estudiantes formaci\u00f3n period\u00edstica.<\/p>\n<p>\u201cEste convenio supone una cooperaci\u00f3n intelectual y sustantiva, as\u00ed como el intercambio de experiencias con estudiantes universitarios. Nuestra cooperaci\u00f3n traer\u00e1 buenos resultados para los oyentes y la sociedad\u201d, dijo Agnieszka Kami\u0144ska, presidenta de la Radio Polaca.<br \/>\n\u201cNuestras instituciones tienen casi la misma edad, por eso creo que uniendo nuestras fuerzas, logramos el \u00e9xito, desempe\u00f1ando al mismo tiempo los objetivos estatutarios de la Radio Polaca como en la Universidad Cat\u00f3lica de Lublin\u00bb, enfatiz\u00f3 el Prof. Miros\u0142aw Kalinowski, rector de la KUL.<\/p>\n","protected":false},"excerpt":{"rendered":"<p>El jueves 28 de enero, la Radio Polaca y la Universidad Cat\u00f3lica de Lublin (KUL) firmaron un acuerdo de cooperaci\u00f3n multifac\u00e9tica a largo plazo en la sede de la Radio Polaca en Varsovia. La cooperaci\u00f3n incluir\u00e1 \u201cactividades multimedia destinadas a promover los valores patri\u00f3ticos y cristianos\u00bb a los estudiantes formaci\u00f3n period\u00edstica. La KUL tambi\u00e9n ofrecer\u00e1 [&hellip;]<\/p>\n","protected":false},"author":6,"featured_media":0,"comment_status":"closed","ping_status":"closed","sticky":false,"template":"","format":"standard","meta":[],"categories":[75],"tags":[],"_links":{"self":[{"href":"https:\/\/www.polishscience.pl\/es\/wp-json\/wp\/v2\/posts\/165034"}],"collection":[{"href":"https:\/\/www.polishscience.pl\/es\/wp-json\/wp\/v2\/posts"}],"about":[{"href":"https:\/\/www.polishscience.pl\/es\/wp-json\/wp\/v2\/types\/post"}],"author":[{"embeddable":true,"href":"https:\/\/www.polishscience.pl\/es\/wp-json\/wp\/v2\/users\/6"}],"replies":[{"embeddable":true,"href":"https:\/\/www.polishscience.pl\/es\/wp-json\/wp\/v2\/comments?post=165034"}],"version-history":[{"count":0,"href":"https:\/\/www.polishscience.pl\/es\/wp-json\/wp\/v2\/posts\/165034\/revisions"}],"wp:attachment":[{"href":"https:\/\/www.polishscience.pl\/es\/wp-json\/wp\/v2\/media?parent=165034"}],"wp:term":[{"taxonomy":"category","embeddable":true,"href":"https:\/\/www.polishscience.pl\/es\/wp-json\/wp\/v2\/categories?post=165034"},{"taxonomy":"post_tag","embeddable":true,"href":"https:\/\/www.polishscience.pl\/es\/wp-json\/wp\/v2\/tags?post=165034"}],"curies":[{"name":"wp","href":"https:\/\/api.w.org\/{rel}","templated":true}]}}