{"id":164782,"date":"2021-01-29T13:53:42","date_gmt":"2021-01-29T12:53:42","guid":{"rendered":"https:\/\/polishscience.pl\/?p=164782"},"modified":"2021-02-02T16:56:56","modified_gmt":"2021-02-02T15:56:56","slug":"los-desafios-de-la-educacion-musical-en-el-siglo-xxi-conferencia-en-la-academia-de-musica-de-poznan","status":"publish","type":"post","link":"https:\/\/www.polishscience.pl\/es\/los-desafios-de-la-educacion-musical-en-el-siglo-xxi-conferencia-en-la-academia-de-musica-de-poznan\/","title":{"rendered":"Los desaf\u00edos de la educaci\u00f3n musical en el siglo XXI &#8211; conferencia en la Academia de M\u00fasica de Pozna\u0144"},"content":{"rendered":"<p><strong>El Instituto de Educaci\u00f3n Art\u00edstica y el Departamento de Educaci\u00f3n Musical de la Academia de M\u00fasica de Pozna\u0144 invitan a la 8\u00aa Conferencia Internacional \u201cDesaf\u00edos de la educaci\u00f3n musical en el siglo XXI. Contextos psicopedag\u00f3gicos y sociales de la educaci\u00f3n musical\u201d. EL evento tendr\u00e1 lugar el 4 de marzo.<\/strong><\/p>\n<p>Las conferencias y talleres se realizar\u00e1n online utilizando la plataforma MSTeams. La conferencia se llevar\u00e1 a cabo en cooperaci\u00f3n con los participantes del proyecto EDU-action 2020-2021: Educando la excelencia: combinando entornos de educaci\u00f3n musical y cultural en Polonia, Noruega e Islandia.<\/p>\n<p>El objetivo de la Conferencia es incrementar la calidad y eficiencia del proceso educativo enriqueciendo el taller metodol\u00f3gico de los docentes, presentando investigaciones actuales e intercambiando experiencias en la implementaci\u00f3n de elementos del sistema educativo musical. El evento va dirigido a estudiantes y egresados de academias de m\u00fasica, profesores acad\u00e9micos, informan los organizadores.<\/p>\n","protected":false},"excerpt":{"rendered":"<p>El Instituto de Educaci\u00f3n Art\u00edstica y el Departamento de Educaci\u00f3n Musical de la Academia de M\u00fasica de Pozna\u0144 invitan a la 8\u00aa Conferencia Internacional \u201cDesaf\u00edos de la educaci\u00f3n musical en el siglo XXI. Contextos psicopedag\u00f3gicos y sociales de la educaci\u00f3n musical\u201d. EL evento tendr\u00e1 lugar el 4 de marzo. Las conferencias y talleres se realizar\u00e1n [&hellip;]<\/p>\n","protected":false},"author":6,"featured_media":0,"comment_status":"closed","ping_status":"closed","sticky":false,"template":"","format":"standard","meta":[],"categories":[81],"tags":[],"_links":{"self":[{"href":"https:\/\/www.polishscience.pl\/es\/wp-json\/wp\/v2\/posts\/164782"}],"collection":[{"href":"https:\/\/www.polishscience.pl\/es\/wp-json\/wp\/v2\/posts"}],"about":[{"href":"https:\/\/www.polishscience.pl\/es\/wp-json\/wp\/v2\/types\/post"}],"author":[{"embeddable":true,"href":"https:\/\/www.polishscience.pl\/es\/wp-json\/wp\/v2\/users\/6"}],"replies":[{"embeddable":true,"href":"https:\/\/www.polishscience.pl\/es\/wp-json\/wp\/v2\/comments?post=164782"}],"version-history":[{"count":0,"href":"https:\/\/www.polishscience.pl\/es\/wp-json\/wp\/v2\/posts\/164782\/revisions"}],"wp:attachment":[{"href":"https:\/\/www.polishscience.pl\/es\/wp-json\/wp\/v2\/media?parent=164782"}],"wp:term":[{"taxonomy":"category","embeddable":true,"href":"https:\/\/www.polishscience.pl\/es\/wp-json\/wp\/v2\/categories?post=164782"},{"taxonomy":"post_tag","embeddable":true,"href":"https:\/\/www.polishscience.pl\/es\/wp-json\/wp\/v2\/tags?post=164782"}],"curies":[{"name":"wp","href":"https:\/\/api.w.org\/{rel}","templated":true}]}}